{"id":9448,"date":"2025-07-08T14:58:22","date_gmt":"2025-07-08T14:58:22","guid":{"rendered":"https:\/\/www.andancas.net\/site\/?p=9448"},"modified":"2025-07-08T15:53:50","modified_gmt":"2025-07-08T15:53:50","slug":"ja-podes-ver-a-lista-de-bailes-folk-que-fazem-parte-do-programa-do-andancas-com-sons-da-ucrania-franca-italia-espanha-brasil-e-portugal","status":"publish","type":"post","link":"https:\/\/www.andancas.net\/site\/2025\/07\/08\/ja-podes-ver-a-lista-de-bailes-folk-que-fazem-parte-do-programa-do-andancas-com-sons-da-ucrania-franca-italia-espanha-brasil-e-portugal\/","title":{"rendered":"J\u00e1 podes ver a lista de Bailes Folk que  fazem parte do programa do Andan\u00e7as, com sons da Ucr\u00e2nia,  Fran\u00e7a, It\u00e1lia, Espanha, Brasil e Portugal."},"content":{"rendered":"<p data-start=\"494\" data-end=\"817\">No Andan\u00e7as, os ser\u00f5es fazem-se de passos partilhados e m\u00e3os dadas, ao som de m\u00fasicas que atravessam fronteiras. Este ano, o programa de <strong data-start=\"631\" data-end=\"646\">Bailes Folk<\/strong> convida-te a dan\u00e7ar com ritmos que v\u00eam de perto e de longe \u2014 da tradi\u00e7\u00e3o portuguesa ao calor do forr\u00f3 brasileiro, passando pelos sons balc\u00e2nicos, mediterr\u00e2nicos e celtas.<\/p>\n<p data-start=\"819\" data-end=\"1197\"><strong data-start=\"819\" data-end=\"856\">Na quinta-feira, dia 14 de agosto<\/strong>, aquecemos o ch\u00e3o com os ritmos de <strong data-start=\"892\" data-end=\"912\">Nat\u00e9rcia Lameiro<\/strong> (PT),\u00a0seguidos pela energia cosmopolita do trio <strong data-start=\"1002\" data-end=\"1016\">TriOblique<\/strong> (FR\/IT). A dan\u00e7a continua com a irrever\u00eancia de <strong data-start=\"1065\" data-end=\"1095\">Fulano, Beltrano &amp; Sicrano<\/strong> (PT), e fecha com os sons festivos de <strong data-start=\"1134\" data-end=\"1151\">A Salto \u00e0 Rua<\/strong> (PT).<\/p>\n<p data-start=\"1199\" data-end=\"1489\"><strong data-start=\"1199\" data-end=\"1231\">Na sexta-feira, 15 de agosto<\/strong>, dan\u00e7amos com o cora\u00e7\u00e3o da <strong data-start=\"1259\" data-end=\"1270\">Ucr\u00e2nia<\/strong> trazido pela <strong data-start=\"1284\" data-end=\"1302\">Lit\u00e1 Folk Band <\/strong>(UA), seguimos com o calor tropical do <strong data-start=\"1337\" data-end=\"1356\">Forr\u00f3 Harmonize<\/strong> (BR), atravessamos a Fran\u00e7a com os <strong data-start=\"1402\" data-end=\"1417\">Back in Bal <\/strong>(FR), e terminamos a noite com a energia italiana dos <strong data-start=\"1460\" data-end=\"1483\">Ponente Folk Legacy<\/strong> (IT).<\/p>\n<p data-start=\"1491\" data-end=\"1843\"><strong data-start=\"1491\" data-end=\"1522\">No s\u00e1bado, dia 16 de agosto<\/strong>, o baile come\u00e7a com os franceses <strong data-start=\"1556\" data-end=\"1573\">Duo Du Balcon <\/strong>(FR), segue com <strong data-start=\"1585\" data-end=\"1595\">Baldio <\/strong>(PT), e prossegue com os delicados e dan\u00e7antes <strong data-start=\"1652\" data-end=\"1665\">Duo Azare<\/strong> (FR). Da <strong data-start=\"1675\" data-end=\"1686\">Espanha<\/strong>, chegam os ritmos de <strong data-start=\"1708\" data-end=\"1716\">Ul\u00faa<\/strong>\u00a0e o dia fecha com o nome mais ins\u00f3lito do cartaz: <strong data-start=\"1789\" data-end=\"1828\">A Batalha do Modesto Camelo Amarelo<\/strong>.<\/p>\n<p data-start=\"1845\" data-end=\"2094\"><strong data-start=\"1845\" data-end=\"1873\">No domingo, 17 de agosto<\/strong>, voltamos a dan\u00e7ar com <strong data-start=\"1897\" data-end=\"1905\">Ul\u00faa<\/strong> (ES), recebemos mais uma vez os italianos <strong data-start=\"1957\" data-end=\"1980\">Ponente Folk Legacy<\/strong>, revisitamos o trio <strong data-start=\"2001\" data-end=\"2015\">TriOblique<\/strong> (FR\/IT), e despedimo-nos em grande com a poesia musical de <strong data-start=\"2075\" data-end=\"2088\">Duo Azare<\/strong> (FR).<\/p>\n<p data-start=\"2096\" data-end=\"2211\">De norte a sul, do Atl\u00e2ntico ao Mediterr\u00e2neo, este \u00e9 um convite para deixar o corpo falar a dan\u00e7ar.<\/p>\n<p data-start=\"2096\" data-end=\"2211\">Programa\u00e7\u00e3o completa em <a href=\"https:\/\/www.andancas.net\/site\/programacao\/\" target=\"_blank\" rel=\"noopener\">www.andancas.net\/site\/programacao<\/a><\/p>\n<p data-start=\"2213\" data-end=\"2270\">#Andan\u00e7as2025 #BailesFolk #Dan\u00e7asDoMundo #FestivalComAlma<\/p>\n","protected":false},"excerpt":{"rendered":"<p>No Andan\u00e7as, os ser\u00f5es fazem-se de passos partilhados e m\u00e3os dadas, ao som de m\u00fasicas que atravessam fronteiras. Este ano, o programa de Bailes Folk convida-te a dan\u00e7ar com ritmos que v\u00eam de perto e de longe \u2014 da tradi\u00e7\u00e3o portuguesa ao calor do forr\u00f3 brasileiro, passando pelos sons balc\u00e2nicos, mediterr\u00e2nicos e celtas. Na quinta-feira, <a href=\"https:\/\/www.andancas.net\/site\/2025\/07\/08\/ja-podes-ver-a-lista-de-bailes-folk-que-fazem-parte-do-programa-do-andancas-com-sons-da-ucrania-franca-italia-espanha-brasil-e-portugal\/\" class=\"more-link\">&#8230;<span class=\"screen-reader-text\">  J\u00e1 podes ver a lista de Bailes Folk que  fazem parte do programa do Andan\u00e7as, com sons da Ucr\u00e2nia,  Fran\u00e7a, It\u00e1lia, Espanha, Brasil e Portugal.<\/span><\/a><\/p>\n","protected":false},"author":1,"featured_media":9449,"comment_status":"closed","ping_status":"closed","sticky":false,"template":"","format":"standard","meta":{"_uf_show_specific_survey":0,"_uf_disable_surveys":false,"footnotes":""},"categories":[1],"tags":[],"class_list":["post-9448","post","type-post","status-publish","format-standard","has-post-thumbnail","hentry","category-sem-categoria"],"aioseo_notices":[],"aioseo_head":"\n\t\t<!-- All in One SEO 5.0.1 - aioseo.com -->\n\t<meta name=\"description\" content=\"No Andan\u00e7as, os ser\u00f5es fazem-se de passos partilhados e m\u00e3os dadas, ao som de m\u00fasicas que atravessam fronteiras. Este ano, o programa de Bailes Folk convida-te a dan\u00e7ar com ritmos que v\u00eam de perto e de longe \u2014 da tradi\u00e7\u00e3o portuguesa ao calor do forr\u00f3 brasileiro, passando pelos sons balc\u00e2nicos, mediterr\u00e2nicos e celtas. Na quinta-feira,\" \/>\n\t<meta name=\"robots\" content=\"max-image-preview:large\" \/>\n\t<meta name=\"author\" content=\"SuperAdminAndancas\"\/>\n\t<link rel=\"canonical\" href=\"https:\/\/www.andancas.net\/site\/2025\/07\/08\/ja-podes-ver-a-lista-de-bailes-folk-que-fazem-parte-do-programa-do-andancas-com-sons-da-ucrania-franca-italia-espanha-brasil-e-portugal\/\" \/>\n\t<meta name=\"generator\" content=\"All in One SEO (AIOSEO) 5.0.1\" \/>\n\t\t<meta property=\"og:locale\" content=\"pt_PT\" \/>\n\t\t<meta property=\"og:site_name\" content=\"Andan\u00e7as -\" \/>\n\t\t<meta property=\"og:type\" content=\"article\" \/>\n\t\t<meta property=\"og:title\" content=\"J\u00e1 podes ver a lista de Bailes Folk que fazem parte do programa do Andan\u00e7as, com sons da Ucr\u00e2nia, Fran\u00e7a, It\u00e1lia, Espanha, Brasil e Portugal. - Andan\u00e7as\" \/>\n\t\t<meta property=\"og:description\" content=\"No Andan\u00e7as, os ser\u00f5es fazem-se de passos partilhados e m\u00e3os dadas, ao som de m\u00fasicas que atravessam fronteiras. Este ano, o programa de Bailes Folk convida-te a dan\u00e7ar com ritmos que v\u00eam de perto e de longe \u2014 da tradi\u00e7\u00e3o portuguesa ao calor do forr\u00f3 brasileiro, passando pelos sons balc\u00e2nicos, mediterr\u00e2nicos e celtas. Na quinta-feira,\" \/>\n\t\t<meta property=\"og:url\" content=\"https:\/\/www.andancas.net\/site\/2025\/07\/08\/ja-podes-ver-a-lista-de-bailes-folk-que-fazem-parte-do-programa-do-andancas-com-sons-da-ucrania-franca-italia-espanha-brasil-e-portugal\/\" \/>\n\t\t<meta property=\"article:published_time\" content=\"2025-07-08T14:58:22+00:00\" \/>\n\t\t<meta property=\"article:modified_time\" content=\"2025-07-08T15:53:50+00:00\" \/>\n\t\t<meta name=\"twitter:card\" content=\"summary_large_image\" \/>\n\t\t<meta name=\"twitter:title\" content=\"J\u00e1 podes ver a lista de Bailes Folk que fazem parte do programa do Andan\u00e7as, com sons da Ucr\u00e2nia, Fran\u00e7a, It\u00e1lia, Espanha, Brasil e Portugal. - Andan\u00e7as\" \/>\n\t\t<meta name=\"twitter:description\" content=\"No Andan\u00e7as, os ser\u00f5es fazem-se de passos partilhados e m\u00e3os dadas, ao som de m\u00fasicas que atravessam fronteiras. Este ano, o programa de Bailes Folk convida-te a dan\u00e7ar com ritmos que v\u00eam de perto e de longe \u2014 da tradi\u00e7\u00e3o portuguesa ao calor do forr\u00f3 brasileiro, passando pelos sons balc\u00e2nicos, mediterr\u00e2nicos e celtas. Na quinta-feira,\" \/>\n\t\t<script type=\"application\/ld+json\" class=\"aioseo-schema\">\n\t\t\t{\"@context\":\"https:\\\/\\\/schema.org\",\"@graph\":[{\"@type\":\"BlogPosting\",\"@id\":\"https:\\\/\\\/www.andancas.net\\\/site\\\/2025\\\/07\\\/08\\\/ja-podes-ver-a-lista-de-bailes-folk-que-fazem-parte-do-programa-do-andancas-com-sons-da-ucrania-franca-italia-espanha-brasil-e-portugal\\\/#blogposting\",\"name\":\"J\\u00e1 podes ver a lista de Bailes Folk que fazem parte do programa do Andan\\u00e7as, com sons da Ucr\\u00e2nia, Fran\\u00e7a, It\\u00e1lia, Espanha, Brasil e Portugal. - Andan\\u00e7as\",\"headline\":\"J\\u00e1 podes ver a lista de Bailes Folk que  fazem parte do programa do Andan\\u00e7as, com sons da Ucr\\u00e2nia,  Fran\\u00e7a, It\\u00e1lia, Espanha, Brasil e Portugal.\",\"author\":{\"@id\":\"https:\\\/\\\/www.andancas.net\\\/site\\\/author\\\/superadminandancas\\\/#author\"},\"publisher\":{\"@id\":\"https:\\\/\\\/www.andancas.net\\\/site\\\/#organization\"},\"image\":{\"@type\":\"ImageObject\",\"url\":\"https:\\\/\\\/www.andancas.net\\\/site\\\/wp-content\\\/uploads\\\/2025\\\/07\\\/487904092_584997564577325_8895582872008068131_n.jpg\",\"width\":2048,\"height\":1582},\"datePublished\":\"2025-07-08T14:58:22+00:00\",\"dateModified\":\"2025-07-08T15:53:50+00:00\",\"inLanguage\":\"pt-PT\",\"mainEntityOfPage\":{\"@id\":\"https:\\\/\\\/www.andancas.net\\\/site\\\/2025\\\/07\\\/08\\\/ja-podes-ver-a-lista-de-bailes-folk-que-fazem-parte-do-programa-do-andancas-com-sons-da-ucrania-franca-italia-espanha-brasil-e-portugal\\\/#webpage\"},\"isPartOf\":{\"@id\":\"https:\\\/\\\/www.andancas.net\\\/site\\\/2025\\\/07\\\/08\\\/ja-podes-ver-a-lista-de-bailes-folk-que-fazem-parte-do-programa-do-andancas-com-sons-da-ucrania-franca-italia-espanha-brasil-e-portugal\\\/#webpage\"},\"articleSection\":\"Sem categoria, Portugu\\u00eas\"},{\"@type\":\"BreadcrumbList\",\"@id\":\"https:\\\/\\\/www.andancas.net\\\/site\\\/2025\\\/07\\\/08\\\/ja-podes-ver-a-lista-de-bailes-folk-que-fazem-parte-do-programa-do-andancas-com-sons-da-ucrania-franca-italia-espanha-brasil-e-portugal\\\/#breadcrumblist\",\"itemListElement\":[{\"@type\":\"ListItem\",\"@id\":\"https:\\\/\\\/www.andancas.net\\\/site#listItem\",\"position\":1,\"name\":\"Home\",\"item\":\"https:\\\/\\\/www.andancas.net\\\/site\",\"nextItem\":{\"@type\":\"ListItem\",\"@id\":\"https:\\\/\\\/www.andancas.net\\\/site\\\/category\\\/sem-categoria\\\/#listItem\",\"name\":\"Sem categoria\"}},{\"@type\":\"ListItem\",\"@id\":\"https:\\\/\\\/www.andancas.net\\\/site\\\/category\\\/sem-categoria\\\/#listItem\",\"position\":2,\"name\":\"Sem categoria\",\"item\":\"https:\\\/\\\/www.andancas.net\\\/site\\\/category\\\/sem-categoria\\\/\",\"nextItem\":{\"@type\":\"ListItem\",\"@id\":\"https:\\\/\\\/www.andancas.net\\\/site\\\/2025\\\/07\\\/08\\\/ja-podes-ver-a-lista-de-bailes-folk-que-fazem-parte-do-programa-do-andancas-com-sons-da-ucrania-franca-italia-espanha-brasil-e-portugal\\\/#listItem\",\"name\":\"J\\u00e1 podes ver a lista de Bailes Folk que  fazem parte do programa do Andan\\u00e7as, com sons da Ucr\\u00e2nia,  Fran\\u00e7a, It\\u00e1lia, Espanha, Brasil e Portugal.\"},\"previousItem\":{\"@type\":\"ListItem\",\"@id\":\"https:\\\/\\\/www.andancas.net\\\/site#listItem\",\"name\":\"Home\"}},{\"@type\":\"ListItem\",\"@id\":\"https:\\\/\\\/www.andancas.net\\\/site\\\/2025\\\/07\\\/08\\\/ja-podes-ver-a-lista-de-bailes-folk-que-fazem-parte-do-programa-do-andancas-com-sons-da-ucrania-franca-italia-espanha-brasil-e-portugal\\\/#listItem\",\"position\":3,\"name\":\"J\\u00e1 podes ver a lista de Bailes Folk que  fazem parte do programa do Andan\\u00e7as, com sons da Ucr\\u00e2nia,  Fran\\u00e7a, It\\u00e1lia, Espanha, Brasil e Portugal.\",\"previousItem\":{\"@type\":\"ListItem\",\"@id\":\"https:\\\/\\\/www.andancas.net\\\/site\\\/category\\\/sem-categoria\\\/#listItem\",\"name\":\"Sem categoria\"}}]},{\"@type\":\"Organization\",\"@id\":\"https:\\\/\\\/www.andancas.net\\\/site\\\/#organization\",\"name\":\"Andan\\u00e7as\",\"url\":\"https:\\\/\\\/www.andancas.net\\\/site\\\/\"},{\"@type\":\"Person\",\"@id\":\"https:\\\/\\\/www.andancas.net\\\/site\\\/author\\\/superadminandancas\\\/#author\",\"url\":\"https:\\\/\\\/www.andancas.net\\\/site\\\/author\\\/superadminandancas\\\/\",\"name\":\"SuperAdminAndancas\",\"image\":{\"@type\":\"ImageObject\",\"@id\":\"https:\\\/\\\/www.andancas.net\\\/site\\\/2025\\\/07\\\/08\\\/ja-podes-ver-a-lista-de-bailes-folk-que-fazem-parte-do-programa-do-andancas-com-sons-da-ucrania-franca-italia-espanha-brasil-e-portugal\\\/#authorImage\",\"url\":\"https:\\\/\\\/secure.gravatar.com\\\/avatar\\\/7c5df3e493df7c75d62c64f7f220d0afbc8179289d5d4e6329f5444fde1d842b?s=96&d=mm&r=g\",\"width\":96,\"height\":96,\"caption\":\"SuperAdminAndancas\"}},{\"@type\":\"WebPage\",\"@id\":\"https:\\\/\\\/www.andancas.net\\\/site\\\/2025\\\/07\\\/08\\\/ja-podes-ver-a-lista-de-bailes-folk-que-fazem-parte-do-programa-do-andancas-com-sons-da-ucrania-franca-italia-espanha-brasil-e-portugal\\\/#webpage\",\"url\":\"https:\\\/\\\/www.andancas.net\\\/site\\\/2025\\\/07\\\/08\\\/ja-podes-ver-a-lista-de-bailes-folk-que-fazem-parte-do-programa-do-andancas-com-sons-da-ucrania-franca-italia-espanha-brasil-e-portugal\\\/\",\"name\":\"J\\u00e1 podes ver a lista de Bailes Folk que fazem parte do programa do Andan\\u00e7as, com sons da Ucr\\u00e2nia, Fran\\u00e7a, It\\u00e1lia, Espanha, Brasil e Portugal. - Andan\\u00e7as\",\"description\":\"No Andan\\u00e7as, os ser\\u00f5es fazem-se de passos partilhados e m\\u00e3os dadas, ao som de m\\u00fasicas que atravessam fronteiras. Este ano, o programa de Bailes Folk convida-te a dan\\u00e7ar com ritmos que v\\u00eam de perto e de longe \\u2014 da tradi\\u00e7\\u00e3o portuguesa ao calor do forr\\u00f3 brasileiro, passando pelos sons balc\\u00e2nicos, mediterr\\u00e2nicos e celtas. Na quinta-feira,\",\"inLanguage\":\"pt-PT\",\"isPartOf\":{\"@id\":\"https:\\\/\\\/www.andancas.net\\\/site\\\/#website\"},\"breadcrumb\":{\"@id\":\"https:\\\/\\\/www.andancas.net\\\/site\\\/2025\\\/07\\\/08\\\/ja-podes-ver-a-lista-de-bailes-folk-que-fazem-parte-do-programa-do-andancas-com-sons-da-ucrania-franca-italia-espanha-brasil-e-portugal\\\/#breadcrumblist\"},\"author\":{\"@id\":\"https:\\\/\\\/www.andancas.net\\\/site\\\/author\\\/superadminandancas\\\/#author\"},\"creator\":{\"@id\":\"https:\\\/\\\/www.andancas.net\\\/site\\\/author\\\/superadminandancas\\\/#author\"},\"image\":{\"@type\":\"ImageObject\",\"url\":\"https:\\\/\\\/www.andancas.net\\\/site\\\/wp-content\\\/uploads\\\/2025\\\/07\\\/487904092_584997564577325_8895582872008068131_n.jpg\",\"@id\":\"https:\\\/\\\/www.andancas.net\\\/site\\\/2025\\\/07\\\/08\\\/ja-podes-ver-a-lista-de-bailes-folk-que-fazem-parte-do-programa-do-andancas-com-sons-da-ucrania-franca-italia-espanha-brasil-e-portugal\\\/#mainImage\",\"width\":2048,\"height\":1582},\"primaryImageOfPage\":{\"@id\":\"https:\\\/\\\/www.andancas.net\\\/site\\\/2025\\\/07\\\/08\\\/ja-podes-ver-a-lista-de-bailes-folk-que-fazem-parte-do-programa-do-andancas-com-sons-da-ucrania-franca-italia-espanha-brasil-e-portugal\\\/#mainImage\"},\"datePublished\":\"2025-07-08T14:58:22+00:00\",\"dateModified\":\"2025-07-08T15:53:50+00:00\"},{\"@type\":\"WebSite\",\"@id\":\"https:\\\/\\\/www.andancas.net\\\/site\\\/#website\",\"url\":\"https:\\\/\\\/www.andancas.net\\\/site\\\/\",\"name\":\"Andan\\u00e7as\",\"inLanguage\":\"pt-PT\",\"publisher\":{\"@id\":\"https:\\\/\\\/www.andancas.net\\\/site\\\/#organization\"}}]}\n\t\t<\/script>\n\t\t<!-- All in One SEO -->\n\n","aioseo_head_json":{"title":"J\u00e1 podes ver a lista de Bailes Folk que fazem parte do programa do Andan\u00e7as, com sons da Ucr\u00e2nia, Fran\u00e7a, It\u00e1lia, Espanha, Brasil e Portugal. - Andan\u00e7as","description":"No Andan\u00e7as, os ser\u00f5es fazem-se de passos partilhados e m\u00e3os dadas, ao som de m\u00fasicas que atravessam fronteiras. Este ano, o programa de Bailes Folk convida-te a dan\u00e7ar com ritmos que v\u00eam de perto e de longe \u2014 da tradi\u00e7\u00e3o portuguesa ao calor do forr\u00f3 brasileiro, passando pelos sons balc\u00e2nicos, mediterr\u00e2nicos e celtas. Na quinta-feira,","canonical_url":"https:\/\/www.andancas.net\/site\/2025\/07\/08\/ja-podes-ver-a-lista-de-bailes-folk-que-fazem-parte-do-programa-do-andancas-com-sons-da-ucrania-franca-italia-espanha-brasil-e-portugal\/","robots":"max-image-preview:large","keywords":"","webmasterTools":{"miscellaneous":""},"schema":{"@context":"https:\/\/schema.org","@graph":[{"@type":"BlogPosting","@id":"https:\/\/www.andancas.net\/site\/2025\/07\/08\/ja-podes-ver-a-lista-de-bailes-folk-que-fazem-parte-do-programa-do-andancas-com-sons-da-ucrania-franca-italia-espanha-brasil-e-portugal\/#blogposting","name":"J\u00e1 podes ver a lista de Bailes Folk que fazem parte do programa do Andan\u00e7as, com sons da Ucr\u00e2nia, Fran\u00e7a, It\u00e1lia, Espanha, Brasil e Portugal. - Andan\u00e7as","headline":"J\u00e1 podes ver a lista de Bailes Folk que  fazem parte do programa do Andan\u00e7as, com sons da Ucr\u00e2nia,  Fran\u00e7a, It\u00e1lia, Espanha, Brasil e Portugal.","author":{"@id":"https:\/\/www.andancas.net\/site\/author\/superadminandancas\/#author"},"publisher":{"@id":"https:\/\/www.andancas.net\/site\/#organization"},"image":{"@type":"ImageObject","url":"https:\/\/www.andancas.net\/site\/wp-content\/uploads\/2025\/07\/487904092_584997564577325_8895582872008068131_n.jpg","width":2048,"height":1582},"datePublished":"2025-07-08T14:58:22+00:00","dateModified":"2025-07-08T15:53:50+00:00","inLanguage":"pt-PT","mainEntityOfPage":{"@id":"https:\/\/www.andancas.net\/site\/2025\/07\/08\/ja-podes-ver-a-lista-de-bailes-folk-que-fazem-parte-do-programa-do-andancas-com-sons-da-ucrania-franca-italia-espanha-brasil-e-portugal\/#webpage"},"isPartOf":{"@id":"https:\/\/www.andancas.net\/site\/2025\/07\/08\/ja-podes-ver-a-lista-de-bailes-folk-que-fazem-parte-do-programa-do-andancas-com-sons-da-ucrania-franca-italia-espanha-brasil-e-portugal\/#webpage"},"articleSection":"Sem categoria, Portugu\u00eas"},{"@type":"BreadcrumbList","@id":"https:\/\/www.andancas.net\/site\/2025\/07\/08\/ja-podes-ver-a-lista-de-bailes-folk-que-fazem-parte-do-programa-do-andancas-com-sons-da-ucrania-franca-italia-espanha-brasil-e-portugal\/#breadcrumblist","itemListElement":[{"@type":"ListItem","@id":"https:\/\/www.andancas.net\/site#listItem","position":1,"name":"Home","item":"https:\/\/www.andancas.net\/site","nextItem":{"@type":"ListItem","@id":"https:\/\/www.andancas.net\/site\/category\/sem-categoria\/#listItem","name":"Sem categoria"}},{"@type":"ListItem","@id":"https:\/\/www.andancas.net\/site\/category\/sem-categoria\/#listItem","position":2,"name":"Sem categoria","item":"https:\/\/www.andancas.net\/site\/category\/sem-categoria\/","nextItem":{"@type":"ListItem","@id":"https:\/\/www.andancas.net\/site\/2025\/07\/08\/ja-podes-ver-a-lista-de-bailes-folk-que-fazem-parte-do-programa-do-andancas-com-sons-da-ucrania-franca-italia-espanha-brasil-e-portugal\/#listItem","name":"J\u00e1 podes ver a lista de Bailes Folk que  fazem parte do programa do Andan\u00e7as, com sons da Ucr\u00e2nia,  Fran\u00e7a, It\u00e1lia, Espanha, Brasil e Portugal."},"previousItem":{"@type":"ListItem","@id":"https:\/\/www.andancas.net\/site#listItem","name":"Home"}},{"@type":"ListItem","@id":"https:\/\/www.andancas.net\/site\/2025\/07\/08\/ja-podes-ver-a-lista-de-bailes-folk-que-fazem-parte-do-programa-do-andancas-com-sons-da-ucrania-franca-italia-espanha-brasil-e-portugal\/#listItem","position":3,"name":"J\u00e1 podes ver a lista de Bailes Folk que  fazem parte do programa do Andan\u00e7as, com sons da Ucr\u00e2nia,  Fran\u00e7a, It\u00e1lia, Espanha, Brasil e Portugal.","previousItem":{"@type":"ListItem","@id":"https:\/\/www.andancas.net\/site\/category\/sem-categoria\/#listItem","name":"Sem categoria"}}]},{"@type":"Organization","@id":"https:\/\/www.andancas.net\/site\/#organization","name":"Andan\u00e7as","url":"https:\/\/www.andancas.net\/site\/"},{"@type":"Person","@id":"https:\/\/www.andancas.net\/site\/author\/superadminandancas\/#author","url":"https:\/\/www.andancas.net\/site\/author\/superadminandancas\/","name":"SuperAdminAndancas","image":{"@type":"ImageObject","@id":"https:\/\/www.andancas.net\/site\/2025\/07\/08\/ja-podes-ver-a-lista-de-bailes-folk-que-fazem-parte-do-programa-do-andancas-com-sons-da-ucrania-franca-italia-espanha-brasil-e-portugal\/#authorImage","url":"https:\/\/secure.gravatar.com\/avatar\/7c5df3e493df7c75d62c64f7f220d0afbc8179289d5d4e6329f5444fde1d842b?s=96&d=mm&r=g","width":96,"height":96,"caption":"SuperAdminAndancas"}},{"@type":"WebPage","@id":"https:\/\/www.andancas.net\/site\/2025\/07\/08\/ja-podes-ver-a-lista-de-bailes-folk-que-fazem-parte-do-programa-do-andancas-com-sons-da-ucrania-franca-italia-espanha-brasil-e-portugal\/#webpage","url":"https:\/\/www.andancas.net\/site\/2025\/07\/08\/ja-podes-ver-a-lista-de-bailes-folk-que-fazem-parte-do-programa-do-andancas-com-sons-da-ucrania-franca-italia-espanha-brasil-e-portugal\/","name":"J\u00e1 podes ver a lista de Bailes Folk que fazem parte do programa do Andan\u00e7as, com sons da Ucr\u00e2nia, Fran\u00e7a, It\u00e1lia, Espanha, Brasil e Portugal. - Andan\u00e7as","description":"No Andan\u00e7as, os ser\u00f5es fazem-se de passos partilhados e m\u00e3os dadas, ao som de m\u00fasicas que atravessam fronteiras. Este ano, o programa de Bailes Folk convida-te a dan\u00e7ar com ritmos que v\u00eam de perto e de longe \u2014 da tradi\u00e7\u00e3o portuguesa ao calor do forr\u00f3 brasileiro, passando pelos sons balc\u00e2nicos, mediterr\u00e2nicos e celtas. Na quinta-feira,","inLanguage":"pt-PT","isPartOf":{"@id":"https:\/\/www.andancas.net\/site\/#website"},"breadcrumb":{"@id":"https:\/\/www.andancas.net\/site\/2025\/07\/08\/ja-podes-ver-a-lista-de-bailes-folk-que-fazem-parte-do-programa-do-andancas-com-sons-da-ucrania-franca-italia-espanha-brasil-e-portugal\/#breadcrumblist"},"author":{"@id":"https:\/\/www.andancas.net\/site\/author\/superadminandancas\/#author"},"creator":{"@id":"https:\/\/www.andancas.net\/site\/author\/superadminandancas\/#author"},"image":{"@type":"ImageObject","url":"https:\/\/www.andancas.net\/site\/wp-content\/uploads\/2025\/07\/487904092_584997564577325_8895582872008068131_n.jpg","@id":"https:\/\/www.andancas.net\/site\/2025\/07\/08\/ja-podes-ver-a-lista-de-bailes-folk-que-fazem-parte-do-programa-do-andancas-com-sons-da-ucrania-franca-italia-espanha-brasil-e-portugal\/#mainImage","width":2048,"height":1582},"primaryImageOfPage":{"@id":"https:\/\/www.andancas.net\/site\/2025\/07\/08\/ja-podes-ver-a-lista-de-bailes-folk-que-fazem-parte-do-programa-do-andancas-com-sons-da-ucrania-franca-italia-espanha-brasil-e-portugal\/#mainImage"},"datePublished":"2025-07-08T14:58:22+00:00","dateModified":"2025-07-08T15:53:50+00:00"},{"@type":"WebSite","@id":"https:\/\/www.andancas.net\/site\/#website","url":"https:\/\/www.andancas.net\/site\/","name":"Andan\u00e7as","inLanguage":"pt-PT","publisher":{"@id":"https:\/\/www.andancas.net\/site\/#organization"}}]},"og:locale":"pt_PT","og:site_name":"Andan\u00e7as -","og:type":"article","og:title":"J\u00e1 podes ver a lista de Bailes Folk que fazem parte do programa do Andan\u00e7as, com sons da Ucr\u00e2nia, Fran\u00e7a, It\u00e1lia, Espanha, Brasil e Portugal. - Andan\u00e7as","og:description":"No Andan\u00e7as, os ser\u00f5es fazem-se de passos partilhados e m\u00e3os dadas, ao som de m\u00fasicas que atravessam fronteiras. Este ano, o programa de Bailes Folk convida-te a dan\u00e7ar com ritmos que v\u00eam de perto e de longe \u2014 da tradi\u00e7\u00e3o portuguesa ao calor do forr\u00f3 brasileiro, passando pelos sons balc\u00e2nicos, mediterr\u00e2nicos e celtas. Na quinta-feira,","og:url":"https:\/\/www.andancas.net\/site\/2025\/07\/08\/ja-podes-ver-a-lista-de-bailes-folk-que-fazem-parte-do-programa-do-andancas-com-sons-da-ucrania-franca-italia-espanha-brasil-e-portugal\/","article:published_time":"2025-07-08T14:58:22+00:00","article:modified_time":"2025-07-08T15:53:50+00:00","twitter:card":"summary_large_image","twitter:title":"J\u00e1 podes ver a lista de Bailes Folk que fazem parte do programa do Andan\u00e7as, com sons da Ucr\u00e2nia, Fran\u00e7a, It\u00e1lia, Espanha, Brasil e Portugal. - Andan\u00e7as","twitter:description":"No Andan\u00e7as, os ser\u00f5es fazem-se de passos partilhados e m\u00e3os dadas, ao som de m\u00fasicas que atravessam fronteiras. Este ano, o programa de Bailes Folk convida-te a dan\u00e7ar com ritmos que v\u00eam de perto e de longe \u2014 da tradi\u00e7\u00e3o portuguesa ao calor do forr\u00f3 brasileiro, passando pelos sons balc\u00e2nicos, mediterr\u00e2nicos e celtas. Na quinta-feira,"},"aioseo_meta_data":{"post_id":"9448","title":null,"description":null,"keywords":null,"keyphrases":{"focus":[],"additional":[]},"canonical_url":null,"og_title":null,"og_description":null,"og_object_type":"default","og_image_type":"default","og_image_custom_url":null,"og_image_custom_fields":null,"og_custom_image_width":null,"og_custom_image_height":null,"og_video":null,"og_custom_url":null,"og_article_section":null,"og_article_tags":null,"twitter_use_og":false,"twitter_card":"default","twitter_image_type":"default","twitter_image_custom_url":null,"twitter_image_custom_fields":null,"twitter_title":null,"twitter_description":null,"schema_type":"default","schema_type_options":null,"pillar_content":false,"robots_default":true,"robots_noindex":false,"robots_noarchive":false,"robots_nosnippet":false,"robots_nofollow":false,"robots_noimageindex":false,"robots_noodp":false,"robots_notranslate":false,"robots_max_snippet":null,"robots_max_videopreview":null,"robots_max_imagepreview":"large","tabs":null,"priority":null,"frequency":null,"local_seo":null,"created":"2026-08-27 18:21:36","updated":"2026-08-27 18:21:36","focus_keyword":null,"additional_keywords":null,"truseo_locale":null,"primary_term":null,"og_image_url":null,"og_image_width":null,"og_image_height":null,"twitter_image_url":null,"schema":{"blockGraphs":[],"customGraphs":[],"default":{"data":{"Article":[],"Course":[],"Dataset":[],"FAQPage":[],"Movie":[],"Person":[],"Product":[],"ProductReview":[],"Car":[],"Recipe":[],"Service":[],"SoftwareApplication":[],"WebPage":[]},"graphName":"","isEnabled":true},"graphs":[]},"limit_modified_date":false,"ai":null,"breadcrumb_settings":null,"seo_analyzer_scan_date":null},"aioseo_breadcrumb":"<div class=\"aioseo-breadcrumbs\"><span class=\"aioseo-breadcrumb\">\n\t\t\t<a href=\"https:\/\/www.andancas.net\/site\" title=\"Home\">Home<\/a>\n\t\t<\/span><span class=\"aioseo-breadcrumb-separator\">&raquo;<\/span><span class=\"aioseo-breadcrumb\">\n\t\t\t<a href=\"https:\/\/www.andancas.net\/site\/category\/sem-categoria\/\" title=\"Sem categoria\">Sem categoria<\/a>\n\t\t<\/span><span class=\"aioseo-breadcrumb-separator\">&raquo;<\/span><span class=\"aioseo-breadcrumb\">\n\t\t\tJ\u00e1 podes ver a lista de Bailes Folk que  fazem parte do programa do Andan\u00e7as, com sons da Ucr\u00e2nia,  Fran\u00e7a, It\u00e1lia, Espanha, Brasil e Portugal.\n\t\t<\/span><\/div>","aioseo_breadcrumb_json":[{"label":"Home","link":"https:\/\/www.andancas.net\/site"},{"label":"Sem categoria","link":"https:\/\/www.andancas.net\/site\/category\/sem-categoria\/"},{"label":"J\u00e1 podes ver a lista de Bailes Folk que  fazem parte do programa do Andan\u00e7as, com sons da Ucr\u00e2nia,  Fran\u00e7a, It\u00e1lia, Espanha, Brasil e Portugal.","link":"https:\/\/www.andancas.net\/site\/2025\/07\/08\/ja-podes-ver-a-lista-de-bailes-folk-que-fazem-parte-do-programa-do-andancas-com-sons-da-ucrania-franca-italia-espanha-brasil-e-portugal\/"}],"_links":{"self":[{"href":"https:\/\/www.andancas.net\/site\/wp-json\/wp\/v2\/posts\/9448","targetHints":{"allow":["GET"]}}],"collection":[{"href":"https:\/\/www.andancas.net\/site\/wp-json\/wp\/v2\/posts"}],"about":[{"href":"https:\/\/www.andancas.net\/site\/wp-json\/wp\/v2\/types\/post"}],"author":[{"embeddable":true,"href":"https:\/\/www.andancas.net\/site\/wp-json\/wp\/v2\/users\/1"}],"replies":[{"embeddable":true,"href":"https:\/\/www.andancas.net\/site\/wp-json\/wp\/v2\/comments?post=9448"}],"version-history":[{"count":0,"href":"https:\/\/www.andancas.net\/site\/wp-json\/wp\/v2\/posts\/9448\/revisions"}],"wp:featuredmedia":[{"embeddable":true,"href":"https:\/\/www.andancas.net\/site\/wp-json\/wp\/v2\/media\/9449"}],"wp:attachment":[{"href":"https:\/\/www.andancas.net\/site\/wp-json\/wp\/v2\/media?parent=9448"}],"wp:term":[{"taxonomy":"category","embeddable":true,"href":"https:\/\/www.andancas.net\/site\/wp-json\/wp\/v2\/categories?post=9448"},{"taxonomy":"post_tag","embeddable":true,"href":"https:\/\/www.andancas.net\/site\/wp-json\/wp\/v2\/tags?post=9448"}],"curies":[{"name":"wp","href":"https:\/\/api.w.org\/{rel}","templated":true}]}}