{"id":9445,"date":"2025-07-08T14:51:09","date_gmt":"2025-07-08T14:51:09","guid":{"rendered":"https:\/\/www.andancas.net\/site\/?p=9445"},"modified":"2025-07-08T14:51:09","modified_gmt":"2025-07-08T14:51:09","slug":"do-alentejo-para-o-mundo-que-nomes-vais-ouvir-nos-concertos-do-andancas","status":"publish","type":"post","link":"https:\/\/www.andancas.net\/site\/2025\/07\/08\/do-alentejo-para-o-mundo-que-nomes-vais-ouvir-nos-concertos-do-andancas\/","title":{"rendered":"Do Alentejo para o mundo: que nomes vais ouvir nos concertos do Andan\u00e7as?"},"content":{"rendered":"<p data-start=\"342\" data-end=\"650\">De 14 a 17 de agosto, as noites do Festival Andan\u00e7as v\u00e3o encher-se de ritmos que atravessam geografias e tradi\u00e7\u00f5es. Dos sons enraizados do Alentejo \u00e0s batidas que nos fazem dan\u00e7ar pela noite dentro, a programa\u00e7\u00e3o musical deste ano promete encontros inesquec\u00edveis entre pessoas, culturas e paisagens sonoras.<\/p>\n<p data-start=\"652\" data-end=\"1028\"><strong data-start=\"652\" data-end=\"679\">Na quinta-feira, dia 14<\/strong>, abrimos com a voz poderosa de <strong data-start=\"711\" data-end=\"734\">Rita Costa Medeiros<\/strong> (PT), seguida pelo calor do cante alentejano com o <strong data-start=\"786\" data-end=\"842\">Grupo Coral da Casa do Povo de Reguengos de Monsaraz<\/strong>, acompanhado por <strong data-start=\"860\" data-end=\"901\">Sr. Pardal, a sua concertina e amigos<\/strong>. A noite continua com os ritmos en\u00e9rgicos de <strong data-start=\"947\" data-end=\"957\">Malino<\/strong> (PT) e fecha em alta com o swing contagiante de <strong data-start=\"1006\" data-end=\"1027\">DJ Swing n&#8217; Smile<\/strong>.<\/p>\n<p data-start=\"1030\" data-end=\"1345\"><strong data-start=\"1030\" data-end=\"1056\">Na sexta-feira, dia 15<\/strong>, as mulheres tomam o palco com a for\u00e7a de <strong data-start=\"1099\" data-end=\"1111\">L.O.B.A.<\/strong> (PT), seguidas pelas harmonias de <strong data-start=\"1146\" data-end=\"1168\">Brisas do Alentejo<\/strong> (programa\u00e7\u00e3o local) e o encontro ib\u00e9rico de <strong data-start=\"1213\" data-end=\"1225\">Serigosa<\/strong> (ES\/PT). A pista de dan\u00e7a continua com a sele\u00e7\u00e3o de <strong data-start=\"1327\" data-end=\"1344\">DJ Catadiscos<\/strong>.<\/p>\n<p data-start=\"1347\" data-end=\"1655\"><strong data-start=\"1347\" data-end=\"1368\">No s\u00e1bado, dia 16<\/strong>, viajamos at\u00e9 \u00c1frica com <strong data-start=\"1394\" data-end=\"1411\">Sana Cissokho<\/strong> (Senegal) e atravessamos o Atl\u00e2ntico at\u00e9 ao Brasil com a energia ancestral de <strong data-start=\"1490\" data-end=\"1527\">Mestra Ana L\u00facia e Ra\u00edzes do Coco<\/strong>, e a for\u00e7a tropical de <strong data-start=\"1551\" data-end=\"1569\">Balan\u00e7o do Cais<\/strong>. A noite culmina com os ritmos sociais e a salsa de <strong data-start=\"1612\" data-end=\"1654\">DJ Dancenter \u2013 Clube de Dan\u00e7as Sociais<\/strong>.<\/p>\n<p data-start=\"1657\" data-end=\"2075\"><strong data-start=\"1657\" data-end=\"1679\">No domingo, dia 17<\/strong>, celebramos ao som de <strong data-start=\"1717\" data-end=\"1738\">Ricardo Back Bass<\/strong> (PT), seguido de um momento especial com a <strong data-start=\"1782\" data-end=\"1853\">Tuna da Universidade Popular T\u00falio Espanca de Reguengos de Monsaraz<\/strong> e o <strong data-start=\"1858\" data-end=\"1898\">Grupo Coral da Freguesia de Monsaraz<\/strong>. O palco abre-se depois \u00e0 energia de <strong data-start=\"1938\" data-end=\"1988\">Tatiana Cobbett \u2013 4rteto (Raparigas do Groove)<\/strong>, terminando com uma \u00faltima dan\u00e7a guiada por <strong data-start=\"2033\" data-end=\"2053\">DJ Enrique Matos <\/strong>do <strong data-start=\"2058\" data-end=\"2074\">Espa\u00e7o Bai\u00e3o<\/strong>.<\/p>\n<p data-start=\"2077\" data-end=\"2231\">Dos cantares do sul aos grooves do mundo, o Andan\u00e7as volta a ser um ponto de encontro de p\u00e9s no ch\u00e3o e cora\u00e7\u00e3o aberto.<\/p>\n","protected":false},"excerpt":{"rendered":"<p>De 14 a 17 de agosto, as noites do Festival Andan\u00e7as v\u00e3o encher-se de ritmos que atravessam geografias e tradi\u00e7\u00f5es. Dos sons enraizados do Alentejo \u00e0s batidas que nos fazem dan\u00e7ar pela noite dentro, a programa\u00e7\u00e3o musical deste ano promete encontros inesquec\u00edveis entre pessoas, culturas e paisagens sonoras. Na quinta-feira, dia 14, abrimos com a <a href=\"https:\/\/www.andancas.net\/site\/2025\/07\/08\/do-alentejo-para-o-mundo-que-nomes-vais-ouvir-nos-concertos-do-andancas\/\" class=\"more-link\">&#8230;<span class=\"screen-reader-text\">  Do Alentejo para o mundo: que nomes vais ouvir nos concertos do Andan\u00e7as?<\/span><\/a><\/p>\n","protected":false},"author":1,"featured_media":9446,"comment_status":"closed","ping_status":"closed","sticky":false,"template":"","format":"standard","meta":{"_uf_show_specific_survey":0,"_uf_disable_surveys":false,"footnotes":""},"categories":[1],"tags":[],"class_list":["post-9445","post","type-post","status-publish","format-standard","has-post-thumbnail","hentry","category-sem-categoria"],"aioseo_notices":[],"aioseo_head":"\n\t\t<!-- All in One SEO 5.0.1 - aioseo.com -->\n\t<meta name=\"description\" content=\"De 14 a 17 de agosto, as noites do Festival Andan\u00e7as v\u00e3o encher-se de ritmos que atravessam geografias e tradi\u00e7\u00f5es. Dos sons enraizados do Alentejo \u00e0s batidas que nos fazem dan\u00e7ar pela noite dentro, a programa\u00e7\u00e3o musical deste ano promete encontros inesquec\u00edveis entre pessoas, culturas e paisagens sonoras. Na quinta-feira, dia 14, abrimos com a\" \/>\n\t<meta name=\"robots\" content=\"max-image-preview:large\" \/>\n\t<meta name=\"author\" content=\"SuperAdminAndancas\"\/>\n\t<link rel=\"canonical\" href=\"https:\/\/www.andancas.net\/site\/2025\/07\/08\/do-alentejo-para-o-mundo-que-nomes-vais-ouvir-nos-concertos-do-andancas\/\" \/>\n\t<meta name=\"generator\" content=\"All in One SEO (AIOSEO) 5.0.1\" \/>\n\t\t<meta property=\"og:locale\" content=\"pt_PT\" \/>\n\t\t<meta property=\"og:site_name\" content=\"Andan\u00e7as -\" \/>\n\t\t<meta property=\"og:type\" content=\"article\" \/>\n\t\t<meta property=\"og:title\" content=\"Do Alentejo para o mundo: que nomes vais ouvir nos concertos do Andan\u00e7as? - Andan\u00e7as\" \/>\n\t\t<meta property=\"og:description\" content=\"De 14 a 17 de agosto, as noites do Festival Andan\u00e7as v\u00e3o encher-se de ritmos que atravessam geografias e tradi\u00e7\u00f5es. Dos sons enraizados do Alentejo \u00e0s batidas que nos fazem dan\u00e7ar pela noite dentro, a programa\u00e7\u00e3o musical deste ano promete encontros inesquec\u00edveis entre pessoas, culturas e paisagens sonoras. Na quinta-feira, dia 14, abrimos com a\" \/>\n\t\t<meta property=\"og:url\" content=\"https:\/\/www.andancas.net\/site\/2025\/07\/08\/do-alentejo-para-o-mundo-que-nomes-vais-ouvir-nos-concertos-do-andancas\/\" \/>\n\t\t<meta property=\"article:published_time\" content=\"2025-07-08T14:51:09+00:00\" \/>\n\t\t<meta property=\"article:modified_time\" content=\"2025-07-08T14:51:09+00:00\" \/>\n\t\t<meta name=\"twitter:card\" content=\"summary_large_image\" \/>\n\t\t<meta name=\"twitter:title\" content=\"Do Alentejo para o mundo: que nomes vais ouvir nos concertos do Andan\u00e7as? - Andan\u00e7as\" \/>\n\t\t<meta name=\"twitter:description\" content=\"De 14 a 17 de agosto, as noites do Festival Andan\u00e7as v\u00e3o encher-se de ritmos que atravessam geografias e tradi\u00e7\u00f5es. Dos sons enraizados do Alentejo \u00e0s batidas que nos fazem dan\u00e7ar pela noite dentro, a programa\u00e7\u00e3o musical deste ano promete encontros inesquec\u00edveis entre pessoas, culturas e paisagens sonoras. Na quinta-feira, dia 14, abrimos com a\" \/>\n\t\t<script type=\"application\/ld+json\" class=\"aioseo-schema\">\n\t\t\t{\"@context\":\"https:\\\/\\\/schema.org\",\"@graph\":[{\"@type\":\"BlogPosting\",\"@id\":\"https:\\\/\\\/www.andancas.net\\\/site\\\/2025\\\/07\\\/08\\\/do-alentejo-para-o-mundo-que-nomes-vais-ouvir-nos-concertos-do-andancas\\\/#blogposting\",\"name\":\"Do Alentejo para o mundo: que nomes vais ouvir nos concertos do Andan\\u00e7as? - Andan\\u00e7as\",\"headline\":\"Do Alentejo para o mundo: que nomes vais ouvir nos concertos do Andan\\u00e7as?\",\"author\":{\"@id\":\"https:\\\/\\\/www.andancas.net\\\/site\\\/author\\\/superadminandancas\\\/#author\"},\"publisher\":{\"@id\":\"https:\\\/\\\/www.andancas.net\\\/site\\\/#organization\"},\"image\":{\"@type\":\"ImageObject\",\"url\":\"https:\\\/\\\/www.andancas.net\\\/site\\\/wp-content\\\/uploads\\\/2025\\\/07\\\/Tatiana-Cobbett-1.jpg\",\"width\":890,\"height\":533},\"datePublished\":\"2025-07-08T14:51:09+00:00\",\"dateModified\":\"2025-07-08T14:51:09+00:00\",\"inLanguage\":\"pt-PT\",\"mainEntityOfPage\":{\"@id\":\"https:\\\/\\\/www.andancas.net\\\/site\\\/2025\\\/07\\\/08\\\/do-alentejo-para-o-mundo-que-nomes-vais-ouvir-nos-concertos-do-andancas\\\/#webpage\"},\"isPartOf\":{\"@id\":\"https:\\\/\\\/www.andancas.net\\\/site\\\/2025\\\/07\\\/08\\\/do-alentejo-para-o-mundo-que-nomes-vais-ouvir-nos-concertos-do-andancas\\\/#webpage\"},\"articleSection\":\"Sem categoria, Portugu\\u00eas\"},{\"@type\":\"BreadcrumbList\",\"@id\":\"https:\\\/\\\/www.andancas.net\\\/site\\\/2025\\\/07\\\/08\\\/do-alentejo-para-o-mundo-que-nomes-vais-ouvir-nos-concertos-do-andancas\\\/#breadcrumblist\",\"itemListElement\":[{\"@type\":\"ListItem\",\"@id\":\"https:\\\/\\\/www.andancas.net\\\/site#listItem\",\"position\":1,\"name\":\"Home\",\"item\":\"https:\\\/\\\/www.andancas.net\\\/site\",\"nextItem\":{\"@type\":\"ListItem\",\"@id\":\"https:\\\/\\\/www.andancas.net\\\/site\\\/category\\\/sem-categoria\\\/#listItem\",\"name\":\"Sem categoria\"}},{\"@type\":\"ListItem\",\"@id\":\"https:\\\/\\\/www.andancas.net\\\/site\\\/category\\\/sem-categoria\\\/#listItem\",\"position\":2,\"name\":\"Sem categoria\",\"item\":\"https:\\\/\\\/www.andancas.net\\\/site\\\/category\\\/sem-categoria\\\/\",\"nextItem\":{\"@type\":\"ListItem\",\"@id\":\"https:\\\/\\\/www.andancas.net\\\/site\\\/2025\\\/07\\\/08\\\/do-alentejo-para-o-mundo-que-nomes-vais-ouvir-nos-concertos-do-andancas\\\/#listItem\",\"name\":\"Do Alentejo para o mundo: que nomes vais ouvir nos concertos do Andan\\u00e7as?\"},\"previousItem\":{\"@type\":\"ListItem\",\"@id\":\"https:\\\/\\\/www.andancas.net\\\/site#listItem\",\"name\":\"Home\"}},{\"@type\":\"ListItem\",\"@id\":\"https:\\\/\\\/www.andancas.net\\\/site\\\/2025\\\/07\\\/08\\\/do-alentejo-para-o-mundo-que-nomes-vais-ouvir-nos-concertos-do-andancas\\\/#listItem\",\"position\":3,\"name\":\"Do Alentejo para o mundo: que nomes vais ouvir nos concertos do Andan\\u00e7as?\",\"previousItem\":{\"@type\":\"ListItem\",\"@id\":\"https:\\\/\\\/www.andancas.net\\\/site\\\/category\\\/sem-categoria\\\/#listItem\",\"name\":\"Sem categoria\"}}]},{\"@type\":\"Organization\",\"@id\":\"https:\\\/\\\/www.andancas.net\\\/site\\\/#organization\",\"name\":\"Andan\\u00e7as\",\"url\":\"https:\\\/\\\/www.andancas.net\\\/site\\\/\"},{\"@type\":\"Person\",\"@id\":\"https:\\\/\\\/www.andancas.net\\\/site\\\/author\\\/superadminandancas\\\/#author\",\"url\":\"https:\\\/\\\/www.andancas.net\\\/site\\\/author\\\/superadminandancas\\\/\",\"name\":\"SuperAdminAndancas\",\"image\":{\"@type\":\"ImageObject\",\"@id\":\"https:\\\/\\\/www.andancas.net\\\/site\\\/2025\\\/07\\\/08\\\/do-alentejo-para-o-mundo-que-nomes-vais-ouvir-nos-concertos-do-andancas\\\/#authorImage\",\"url\":\"https:\\\/\\\/secure.gravatar.com\\\/avatar\\\/7c5df3e493df7c75d62c64f7f220d0afbc8179289d5d4e6329f5444fde1d842b?s=96&d=mm&r=g\",\"width\":96,\"height\":96,\"caption\":\"SuperAdminAndancas\"}},{\"@type\":\"WebPage\",\"@id\":\"https:\\\/\\\/www.andancas.net\\\/site\\\/2025\\\/07\\\/08\\\/do-alentejo-para-o-mundo-que-nomes-vais-ouvir-nos-concertos-do-andancas\\\/#webpage\",\"url\":\"https:\\\/\\\/www.andancas.net\\\/site\\\/2025\\\/07\\\/08\\\/do-alentejo-para-o-mundo-que-nomes-vais-ouvir-nos-concertos-do-andancas\\\/\",\"name\":\"Do Alentejo para o mundo: que nomes vais ouvir nos concertos do Andan\\u00e7as? - Andan\\u00e7as\",\"description\":\"De 14 a 17 de agosto, as noites do Festival Andan\\u00e7as v\\u00e3o encher-se de ritmos que atravessam geografias e tradi\\u00e7\\u00f5es. Dos sons enraizados do Alentejo \\u00e0s batidas que nos fazem dan\\u00e7ar pela noite dentro, a programa\\u00e7\\u00e3o musical deste ano promete encontros inesquec\\u00edveis entre pessoas, culturas e paisagens sonoras. Na quinta-feira, dia 14, abrimos com a\",\"inLanguage\":\"pt-PT\",\"isPartOf\":{\"@id\":\"https:\\\/\\\/www.andancas.net\\\/site\\\/#website\"},\"breadcrumb\":{\"@id\":\"https:\\\/\\\/www.andancas.net\\\/site\\\/2025\\\/07\\\/08\\\/do-alentejo-para-o-mundo-que-nomes-vais-ouvir-nos-concertos-do-andancas\\\/#breadcrumblist\"},\"author\":{\"@id\":\"https:\\\/\\\/www.andancas.net\\\/site\\\/author\\\/superadminandancas\\\/#author\"},\"creator\":{\"@id\":\"https:\\\/\\\/www.andancas.net\\\/site\\\/author\\\/superadminandancas\\\/#author\"},\"image\":{\"@type\":\"ImageObject\",\"url\":\"https:\\\/\\\/www.andancas.net\\\/site\\\/wp-content\\\/uploads\\\/2025\\\/07\\\/Tatiana-Cobbett-1.jpg\",\"@id\":\"https:\\\/\\\/www.andancas.net\\\/site\\\/2025\\\/07\\\/08\\\/do-alentejo-para-o-mundo-que-nomes-vais-ouvir-nos-concertos-do-andancas\\\/#mainImage\",\"width\":890,\"height\":533},\"primaryImageOfPage\":{\"@id\":\"https:\\\/\\\/www.andancas.net\\\/site\\\/2025\\\/07\\\/08\\\/do-alentejo-para-o-mundo-que-nomes-vais-ouvir-nos-concertos-do-andancas\\\/#mainImage\"},\"datePublished\":\"2025-07-08T14:51:09+00:00\",\"dateModified\":\"2025-07-08T14:51:09+00:00\"},{\"@type\":\"WebSite\",\"@id\":\"https:\\\/\\\/www.andancas.net\\\/site\\\/#website\",\"url\":\"https:\\\/\\\/www.andancas.net\\\/site\\\/\",\"name\":\"Andan\\u00e7as\",\"inLanguage\":\"pt-PT\",\"publisher\":{\"@id\":\"https:\\\/\\\/www.andancas.net\\\/site\\\/#organization\"}}]}\n\t\t<\/script>\n\t\t<!-- All in One SEO -->\n\n","aioseo_head_json":{"title":"Do Alentejo para o mundo: que nomes vais ouvir nos concertos do Andan\u00e7as? - Andan\u00e7as","description":"De 14 a 17 de agosto, as noites do Festival Andan\u00e7as v\u00e3o encher-se de ritmos que atravessam geografias e tradi\u00e7\u00f5es. Dos sons enraizados do Alentejo \u00e0s batidas que nos fazem dan\u00e7ar pela noite dentro, a programa\u00e7\u00e3o musical deste ano promete encontros inesquec\u00edveis entre pessoas, culturas e paisagens sonoras. Na quinta-feira, dia 14, abrimos com a","canonical_url":"https:\/\/www.andancas.net\/site\/2025\/07\/08\/do-alentejo-para-o-mundo-que-nomes-vais-ouvir-nos-concertos-do-andancas\/","robots":"max-image-preview:large","keywords":"","webmasterTools":{"miscellaneous":""},"schema":{"@context":"https:\/\/schema.org","@graph":[{"@type":"BlogPosting","@id":"https:\/\/www.andancas.net\/site\/2025\/07\/08\/do-alentejo-para-o-mundo-que-nomes-vais-ouvir-nos-concertos-do-andancas\/#blogposting","name":"Do Alentejo para o mundo: que nomes vais ouvir nos concertos do Andan\u00e7as? - Andan\u00e7as","headline":"Do Alentejo para o mundo: que nomes vais ouvir nos concertos do Andan\u00e7as?","author":{"@id":"https:\/\/www.andancas.net\/site\/author\/superadminandancas\/#author"},"publisher":{"@id":"https:\/\/www.andancas.net\/site\/#organization"},"image":{"@type":"ImageObject","url":"https:\/\/www.andancas.net\/site\/wp-content\/uploads\/2025\/07\/Tatiana-Cobbett-1.jpg","width":890,"height":533},"datePublished":"2025-07-08T14:51:09+00:00","dateModified":"2025-07-08T14:51:09+00:00","inLanguage":"pt-PT","mainEntityOfPage":{"@id":"https:\/\/www.andancas.net\/site\/2025\/07\/08\/do-alentejo-para-o-mundo-que-nomes-vais-ouvir-nos-concertos-do-andancas\/#webpage"},"isPartOf":{"@id":"https:\/\/www.andancas.net\/site\/2025\/07\/08\/do-alentejo-para-o-mundo-que-nomes-vais-ouvir-nos-concertos-do-andancas\/#webpage"},"articleSection":"Sem categoria, Portugu\u00eas"},{"@type":"BreadcrumbList","@id":"https:\/\/www.andancas.net\/site\/2025\/07\/08\/do-alentejo-para-o-mundo-que-nomes-vais-ouvir-nos-concertos-do-andancas\/#breadcrumblist","itemListElement":[{"@type":"ListItem","@id":"https:\/\/www.andancas.net\/site#listItem","position":1,"name":"Home","item":"https:\/\/www.andancas.net\/site","nextItem":{"@type":"ListItem","@id":"https:\/\/www.andancas.net\/site\/category\/sem-categoria\/#listItem","name":"Sem categoria"}},{"@type":"ListItem","@id":"https:\/\/www.andancas.net\/site\/category\/sem-categoria\/#listItem","position":2,"name":"Sem categoria","item":"https:\/\/www.andancas.net\/site\/category\/sem-categoria\/","nextItem":{"@type":"ListItem","@id":"https:\/\/www.andancas.net\/site\/2025\/07\/08\/do-alentejo-para-o-mundo-que-nomes-vais-ouvir-nos-concertos-do-andancas\/#listItem","name":"Do Alentejo para o mundo: que nomes vais ouvir nos concertos do Andan\u00e7as?"},"previousItem":{"@type":"ListItem","@id":"https:\/\/www.andancas.net\/site#listItem","name":"Home"}},{"@type":"ListItem","@id":"https:\/\/www.andancas.net\/site\/2025\/07\/08\/do-alentejo-para-o-mundo-que-nomes-vais-ouvir-nos-concertos-do-andancas\/#listItem","position":3,"name":"Do Alentejo para o mundo: que nomes vais ouvir nos concertos do Andan\u00e7as?","previousItem":{"@type":"ListItem","@id":"https:\/\/www.andancas.net\/site\/category\/sem-categoria\/#listItem","name":"Sem categoria"}}]},{"@type":"Organization","@id":"https:\/\/www.andancas.net\/site\/#organization","name":"Andan\u00e7as","url":"https:\/\/www.andancas.net\/site\/"},{"@type":"Person","@id":"https:\/\/www.andancas.net\/site\/author\/superadminandancas\/#author","url":"https:\/\/www.andancas.net\/site\/author\/superadminandancas\/","name":"SuperAdminAndancas","image":{"@type":"ImageObject","@id":"https:\/\/www.andancas.net\/site\/2025\/07\/08\/do-alentejo-para-o-mundo-que-nomes-vais-ouvir-nos-concertos-do-andancas\/#authorImage","url":"https:\/\/secure.gravatar.com\/avatar\/7c5df3e493df7c75d62c64f7f220d0afbc8179289d5d4e6329f5444fde1d842b?s=96&d=mm&r=g","width":96,"height":96,"caption":"SuperAdminAndancas"}},{"@type":"WebPage","@id":"https:\/\/www.andancas.net\/site\/2025\/07\/08\/do-alentejo-para-o-mundo-que-nomes-vais-ouvir-nos-concertos-do-andancas\/#webpage","url":"https:\/\/www.andancas.net\/site\/2025\/07\/08\/do-alentejo-para-o-mundo-que-nomes-vais-ouvir-nos-concertos-do-andancas\/","name":"Do Alentejo para o mundo: que nomes vais ouvir nos concertos do Andan\u00e7as? - Andan\u00e7as","description":"De 14 a 17 de agosto, as noites do Festival Andan\u00e7as v\u00e3o encher-se de ritmos que atravessam geografias e tradi\u00e7\u00f5es. Dos sons enraizados do Alentejo \u00e0s batidas que nos fazem dan\u00e7ar pela noite dentro, a programa\u00e7\u00e3o musical deste ano promete encontros inesquec\u00edveis entre pessoas, culturas e paisagens sonoras. Na quinta-feira, dia 14, abrimos com a","inLanguage":"pt-PT","isPartOf":{"@id":"https:\/\/www.andancas.net\/site\/#website"},"breadcrumb":{"@id":"https:\/\/www.andancas.net\/site\/2025\/07\/08\/do-alentejo-para-o-mundo-que-nomes-vais-ouvir-nos-concertos-do-andancas\/#breadcrumblist"},"author":{"@id":"https:\/\/www.andancas.net\/site\/author\/superadminandancas\/#author"},"creator":{"@id":"https:\/\/www.andancas.net\/site\/author\/superadminandancas\/#author"},"image":{"@type":"ImageObject","url":"https:\/\/www.andancas.net\/site\/wp-content\/uploads\/2025\/07\/Tatiana-Cobbett-1.jpg","@id":"https:\/\/www.andancas.net\/site\/2025\/07\/08\/do-alentejo-para-o-mundo-que-nomes-vais-ouvir-nos-concertos-do-andancas\/#mainImage","width":890,"height":533},"primaryImageOfPage":{"@id":"https:\/\/www.andancas.net\/site\/2025\/07\/08\/do-alentejo-para-o-mundo-que-nomes-vais-ouvir-nos-concertos-do-andancas\/#mainImage"},"datePublished":"2025-07-08T14:51:09+00:00","dateModified":"2025-07-08T14:51:09+00:00"},{"@type":"WebSite","@id":"https:\/\/www.andancas.net\/site\/#website","url":"https:\/\/www.andancas.net\/site\/","name":"Andan\u00e7as","inLanguage":"pt-PT","publisher":{"@id":"https:\/\/www.andancas.net\/site\/#organization"}}]},"og:locale":"pt_PT","og:site_name":"Andan\u00e7as -","og:type":"article","og:title":"Do Alentejo para o mundo: que nomes vais ouvir nos concertos do Andan\u00e7as? - Andan\u00e7as","og:description":"De 14 a 17 de agosto, as noites do Festival Andan\u00e7as v\u00e3o encher-se de ritmos que atravessam geografias e tradi\u00e7\u00f5es. Dos sons enraizados do Alentejo \u00e0s batidas que nos fazem dan\u00e7ar pela noite dentro, a programa\u00e7\u00e3o musical deste ano promete encontros inesquec\u00edveis entre pessoas, culturas e paisagens sonoras. Na quinta-feira, dia 14, abrimos com a","og:url":"https:\/\/www.andancas.net\/site\/2025\/07\/08\/do-alentejo-para-o-mundo-que-nomes-vais-ouvir-nos-concertos-do-andancas\/","article:published_time":"2025-07-08T14:51:09+00:00","article:modified_time":"2025-07-08T14:51:09+00:00","twitter:card":"summary_large_image","twitter:title":"Do Alentejo para o mundo: que nomes vais ouvir nos concertos do Andan\u00e7as? - Andan\u00e7as","twitter:description":"De 14 a 17 de agosto, as noites do Festival Andan\u00e7as v\u00e3o encher-se de ritmos que atravessam geografias e tradi\u00e7\u00f5es. Dos sons enraizados do Alentejo \u00e0s batidas que nos fazem dan\u00e7ar pela noite dentro, a programa\u00e7\u00e3o musical deste ano promete encontros inesquec\u00edveis entre pessoas, culturas e paisagens sonoras. Na quinta-feira, dia 14, abrimos com a"},"aioseo_meta_data":{"post_id":"9445","title":null,"description":null,"keywords":null,"keyphrases":{"focus":[],"additional":[]},"canonical_url":null,"og_title":null,"og_description":null,"og_object_type":"default","og_image_type":"default","og_image_custom_url":null,"og_image_custom_fields":null,"og_custom_image_width":null,"og_custom_image_height":null,"og_video":null,"og_custom_url":null,"og_article_section":null,"og_article_tags":null,"twitter_use_og":false,"twitter_card":"default","twitter_image_type":"default","twitter_image_custom_url":null,"twitter_image_custom_fields":null,"twitter_title":null,"twitter_description":null,"schema_type":"default","schema_type_options":null,"pillar_content":false,"robots_default":true,"robots_noindex":false,"robots_noarchive":false,"robots_nosnippet":false,"robots_nofollow":false,"robots_noimageindex":false,"robots_noodp":false,"robots_notranslate":false,"robots_max_snippet":null,"robots_max_videopreview":null,"robots_max_imagepreview":"large","tabs":null,"priority":null,"frequency":null,"local_seo":null,"created":"2026-08-27 18:21:38","updated":"2026-08-27 18:21:38","focus_keyword":null,"additional_keywords":null,"truseo_locale":null,"primary_term":null,"og_image_url":null,"og_image_width":null,"og_image_height":null,"twitter_image_url":null,"schema":{"blockGraphs":[],"customGraphs":[],"default":{"data":{"Article":[],"Course":[],"Dataset":[],"FAQPage":[],"Movie":[],"Person":[],"Product":[],"ProductReview":[],"Car":[],"Recipe":[],"Service":[],"SoftwareApplication":[],"WebPage":[]},"graphName":"","isEnabled":true},"graphs":[]},"limit_modified_date":false,"ai":null,"breadcrumb_settings":null,"seo_analyzer_scan_date":null},"aioseo_breadcrumb":"<div class=\"aioseo-breadcrumbs\"><span class=\"aioseo-breadcrumb\">\n\t\t\t<a href=\"https:\/\/www.andancas.net\/site\" title=\"Home\">Home<\/a>\n\t\t<\/span><span class=\"aioseo-breadcrumb-separator\">&raquo;<\/span><span class=\"aioseo-breadcrumb\">\n\t\t\t<a href=\"https:\/\/www.andancas.net\/site\/category\/sem-categoria\/\" title=\"Sem categoria\">Sem categoria<\/a>\n\t\t<\/span><span class=\"aioseo-breadcrumb-separator\">&raquo;<\/span><span class=\"aioseo-breadcrumb\">\n\t\t\tDo Alentejo para o mundo: que nomes vais ouvir nos concertos do Andan\u00e7as?\n\t\t<\/span><\/div>","aioseo_breadcrumb_json":[{"label":"Home","link":"https:\/\/www.andancas.net\/site"},{"label":"Sem categoria","link":"https:\/\/www.andancas.net\/site\/category\/sem-categoria\/"},{"label":"Do Alentejo para o mundo: que nomes vais ouvir nos concertos do Andan\u00e7as?","link":"https:\/\/www.andancas.net\/site\/2025\/07\/08\/do-alentejo-para-o-mundo-que-nomes-vais-ouvir-nos-concertos-do-andancas\/"}],"_links":{"self":[{"href":"https:\/\/www.andancas.net\/site\/wp-json\/wp\/v2\/posts\/9445","targetHints":{"allow":["GET"]}}],"collection":[{"href":"https:\/\/www.andancas.net\/site\/wp-json\/wp\/v2\/posts"}],"about":[{"href":"https:\/\/www.andancas.net\/site\/wp-json\/wp\/v2\/types\/post"}],"author":[{"embeddable":true,"href":"https:\/\/www.andancas.net\/site\/wp-json\/wp\/v2\/users\/1"}],"replies":[{"embeddable":true,"href":"https:\/\/www.andancas.net\/site\/wp-json\/wp\/v2\/comments?post=9445"}],"version-history":[{"count":0,"href":"https:\/\/www.andancas.net\/site\/wp-json\/wp\/v2\/posts\/9445\/revisions"}],"wp:featuredmedia":[{"embeddable":true,"href":"https:\/\/www.andancas.net\/site\/wp-json\/wp\/v2\/media\/9446"}],"wp:attachment":[{"href":"https:\/\/www.andancas.net\/site\/wp-json\/wp\/v2\/media?parent=9445"}],"wp:term":[{"taxonomy":"category","embeddable":true,"href":"https:\/\/www.andancas.net\/site\/wp-json\/wp\/v2\/categories?post=9445"},{"taxonomy":"post_tag","embeddable":true,"href":"https:\/\/www.andancas.net\/site\/wp-json\/wp\/v2\/tags?post=9445"}],"curies":[{"name":"wp","href":"https:\/\/api.w.org\/{rel}","templated":true}]}}