{"id":9213,"date":"2025-06-24T12:05:44","date_gmt":"2025-06-24T12:05:44","guid":{"rendered":"https:\/\/www.andancas.net\/site\/?p=9213"},"modified":"2025-08-07T13:29:57","modified_gmt":"2025-08-07T13:29:57","slug":"cantina-andancas-no-andancas-podes-comer-uma-refeicao-completa-com-produtos-locais-a-um-preco-justo","status":"publish","type":"post","link":"https:\/\/www.andancas.net\/site\/2025\/06\/24\/cantina-andancas-no-andancas-podes-comer-uma-refeicao-completa-com-produtos-locais-a-um-preco-justo\/","title":{"rendered":"Cantina Andan\u00e7as: no Andan\u00e7as podes comer uma refei\u00e7\u00e3o completa, com produtos locais, a um pre\u00e7o justo!"},"content":{"rendered":"<p><strong>A Cantina Andan\u00e7as est\u00e1 de regresso a esta edi\u00e7\u00e3o e com v\u00e1rias novidades.<\/strong><\/p>\n<p>Este ano n\u00e3o contamos apenas com uma cantina, mas sim com duas Cantinas Andan\u00e7as, dinamizadas por duas entidades locais e localizadas nas respectivas sedes: <strong>a Sociedade Recreativa Campinhense e o Centro Social e Paroquial do Sagrado Cora\u00e7\u00e3o de Jesus do Campinho.<\/strong><\/p>\n<p>Nestas cantinas, os participantes do festival podem encontrar op\u00e7\u00f5es omnivoras e vegetarianas ao almo\u00e7o e ao jantar e refei\u00e7\u00f5es completas [sopa, prato principal, bebida, p\u00e3o e sobremesa], com produtos locais e a um pre\u00e7o justo. <strong>O men\u00fa completo tem um valor de 15\u20ac.<\/strong><\/p>\n<p>Alinhadas com os princ\u00edpios de produ\u00e7\u00e3o e consumo do Festival Andan\u00e7as, com objetivos idealizados de \u201czero desperd\u00edcio\u201d, procurando contribuir para um consumo e modos de vida mais sustent\u00e1veis, estas cantinas v\u00e3o promover<br \/>\n<strong>\u25ca<\/strong> a redu\u00e7\u00e3o do desperd\u00edcio alimentar atrav\u00e9s da<strong> Dose Certa<\/strong>, sensibilizando as pessoas para se servirem apenas da quantidade de comida que ir\u00e3o consumir;<br \/>\n<strong>\u25ca o consumo de produtos locais<\/strong>, incentivando a produ\u00e7\u00e3o nacional, a criatividade e os produtos e servi\u00e7os mais sustent\u00e1veis e de qualidade;<br \/>\n<strong>\u25ca o Quil\u00f3metro Zero<\/strong>, procurando, sempre que poss\u00edvel, fornecedores locais, promovendo a economia local, mas tamb\u00e9m reduzindo a \u201cpegada ecol\u00f3gica\u201d, e custos desnecess\u00e1rios com a alimenta\u00e7\u00e3o;<br \/>\n<strong>\u25ca o uso da Caneca, <\/strong>pois no Andan\u00e7as n\u00e3o usamos loi\u00e7a descart\u00e1vel \u2013 n\u00e3o h\u00e1 copos, nem pratos, nem talheres de pl\u00e1stico descart\u00e1veis. H\u00e1 canecas reutiliz\u00e1veis para cada participante e os pratos e talheres s\u00e3o lavados depois das refei\u00e7\u00f5es;<br \/>\n\u25ca a <strong>reciclagem como um h\u00e1bito<\/strong> que j\u00e1 ganhou for\u00e7a na consci\u00eancia de todos \u2013 no Andan\u00e7as fazemos a recolha seletiva de res\u00edduos para reciclagem. Os mini-ecopontos para embalagens est\u00e3o espalhados por todo o recinto; os res\u00edduos org\u00e2nicos s\u00e3o separados para compostagem local.<\/p>\n","protected":false},"excerpt":{"rendered":"<p>A Cantina Andan\u00e7as est\u00e1 de regresso a esta edi\u00e7\u00e3o e com v\u00e1rias novidades. Este ano n\u00e3o contamos apenas com uma cantina, mas sim com duas Cantinas Andan\u00e7as, dinamizadas por duas entidades locais e localizadas nas respectivas sedes: a Sociedade Recreativa Campinhense e o Centro Social e Paroquial do Sagrado Cora\u00e7\u00e3o de Jesus do Campinho. Nestas <a href=\"https:\/\/www.andancas.net\/site\/2025\/06\/24\/cantina-andancas-no-andancas-podes-comer-uma-refeicao-completa-com-produtos-locais-a-um-preco-justo\/\" class=\"more-link\">&#8230;<span class=\"screen-reader-text\">  Cantina Andan\u00e7as: no Andan\u00e7as podes comer uma refei\u00e7\u00e3o completa, com produtos locais, a um pre\u00e7o justo!<\/span><\/a><\/p>\n","protected":false},"author":1,"featured_media":9215,"comment_status":"closed","ping_status":"closed","sticky":false,"template":"","format":"standard","meta":{"_uf_show_specific_survey":0,"_uf_disable_surveys":false,"footnotes":""},"categories":[1],"tags":[],"class_list":["post-9213","post","type-post","status-publish","format-standard","has-post-thumbnail","hentry","category-sem-categoria"],"aioseo_notices":[],"aioseo_head":"\n\t\t<!-- All in One SEO 5.0.1 - aioseo.com -->\n\t<meta name=\"description\" content=\"A Cantina Andan\u00e7as est\u00e1 de regresso a esta edi\u00e7\u00e3o e com v\u00e1rias novidades. Este ano n\u00e3o contamos apenas com uma cantina, mas sim com duas Cantinas Andan\u00e7as, dinamizadas por duas entidades locais e localizadas nas respectivas sedes: a Sociedade Recreativa Campinhense e o Centro Social e Paroquial do Sagrado Cora\u00e7\u00e3o de Jesus do Campinho. Nestas\" \/>\n\t<meta name=\"robots\" content=\"max-image-preview:large\" \/>\n\t<meta name=\"author\" content=\"SuperAdminAndancas\"\/>\n\t<link rel=\"canonical\" href=\"https:\/\/www.andancas.net\/site\/2025\/06\/24\/cantina-andancas-no-andancas-podes-comer-uma-refeicao-completa-com-produtos-locais-a-um-preco-justo\/\" \/>\n\t<meta name=\"generator\" content=\"All in One SEO (AIOSEO) 5.0.1\" \/>\n\t\t<meta property=\"og:locale\" content=\"pt_PT\" \/>\n\t\t<meta property=\"og:site_name\" content=\"Andan\u00e7as -\" \/>\n\t\t<meta property=\"og:type\" content=\"article\" \/>\n\t\t<meta property=\"og:title\" content=\"Cantina Andan\u00e7as: no Andan\u00e7as podes comer uma refei\u00e7\u00e3o completa, com produtos locais, a um pre\u00e7o justo! - Andan\u00e7as\" \/>\n\t\t<meta property=\"og:description\" content=\"A Cantina Andan\u00e7as est\u00e1 de regresso a esta edi\u00e7\u00e3o e com v\u00e1rias novidades. Este ano n\u00e3o contamos apenas com uma cantina, mas sim com duas Cantinas Andan\u00e7as, dinamizadas por duas entidades locais e localizadas nas respectivas sedes: a Sociedade Recreativa Campinhense e o Centro Social e Paroquial do Sagrado Cora\u00e7\u00e3o de Jesus do Campinho. Nestas\" \/>\n\t\t<meta property=\"og:url\" content=\"https:\/\/www.andancas.net\/site\/2025\/06\/24\/cantina-andancas-no-andancas-podes-comer-uma-refeicao-completa-com-produtos-locais-a-um-preco-justo\/\" \/>\n\t\t<meta property=\"article:published_time\" content=\"2025-06-24T12:05:44+00:00\" \/>\n\t\t<meta property=\"article:modified_time\" content=\"2025-08-07T13:29:57+00:00\" \/>\n\t\t<meta name=\"twitter:card\" content=\"summary_large_image\" \/>\n\t\t<meta name=\"twitter:title\" content=\"Cantina Andan\u00e7as: no Andan\u00e7as podes comer uma refei\u00e7\u00e3o completa, com produtos locais, a um pre\u00e7o justo! - Andan\u00e7as\" \/>\n\t\t<meta name=\"twitter:description\" content=\"A Cantina Andan\u00e7as est\u00e1 de regresso a esta edi\u00e7\u00e3o e com v\u00e1rias novidades. Este ano n\u00e3o contamos apenas com uma cantina, mas sim com duas Cantinas Andan\u00e7as, dinamizadas por duas entidades locais e localizadas nas respectivas sedes: a Sociedade Recreativa Campinhense e o Centro Social e Paroquial do Sagrado Cora\u00e7\u00e3o de Jesus do Campinho. Nestas\" \/>\n\t\t<script type=\"application\/ld+json\" class=\"aioseo-schema\">\n\t\t\t{\"@context\":\"https:\\\/\\\/schema.org\",\"@graph\":[{\"@type\":\"BlogPosting\",\"@id\":\"https:\\\/\\\/www.andancas.net\\\/site\\\/2025\\\/06\\\/24\\\/cantina-andancas-no-andancas-podes-comer-uma-refeicao-completa-com-produtos-locais-a-um-preco-justo\\\/#blogposting\",\"name\":\"Cantina Andan\\u00e7as: no Andan\\u00e7as podes comer uma refei\\u00e7\\u00e3o completa, com produtos locais, a um pre\\u00e7o justo! - Andan\\u00e7as\",\"headline\":\"Cantina Andan\\u00e7as: no Andan\\u00e7as podes comer uma refei\\u00e7\\u00e3o completa, com produtos locais, a um pre\\u00e7o justo!\",\"author\":{\"@id\":\"https:\\\/\\\/www.andancas.net\\\/site\\\/author\\\/superadminandancas\\\/#author\"},\"publisher\":{\"@id\":\"https:\\\/\\\/www.andancas.net\\\/site\\\/#organization\"},\"image\":{\"@type\":\"ImageObject\",\"url\":\"https:\\\/\\\/www.andancas.net\\\/site\\\/wp-content\\\/uploads\\\/2025\\\/06\\\/WhatsApp-Image-2023-07-30-at-11.00.00-11.jpg\",\"width\":1600,\"height\":1066},\"datePublished\":\"2025-06-24T12:05:44+00:00\",\"dateModified\":\"2025-08-07T13:29:57+00:00\",\"inLanguage\":\"pt-PT\",\"mainEntityOfPage\":{\"@id\":\"https:\\\/\\\/www.andancas.net\\\/site\\\/2025\\\/06\\\/24\\\/cantina-andancas-no-andancas-podes-comer-uma-refeicao-completa-com-produtos-locais-a-um-preco-justo\\\/#webpage\"},\"isPartOf\":{\"@id\":\"https:\\\/\\\/www.andancas.net\\\/site\\\/2025\\\/06\\\/24\\\/cantina-andancas-no-andancas-podes-comer-uma-refeicao-completa-com-produtos-locais-a-um-preco-justo\\\/#webpage\"},\"articleSection\":\"Sem categoria, Portugu\\u00eas\"},{\"@type\":\"BreadcrumbList\",\"@id\":\"https:\\\/\\\/www.andancas.net\\\/site\\\/2025\\\/06\\\/24\\\/cantina-andancas-no-andancas-podes-comer-uma-refeicao-completa-com-produtos-locais-a-um-preco-justo\\\/#breadcrumblist\",\"itemListElement\":[{\"@type\":\"ListItem\",\"@id\":\"https:\\\/\\\/www.andancas.net\\\/site#listItem\",\"position\":1,\"name\":\"Home\",\"item\":\"https:\\\/\\\/www.andancas.net\\\/site\",\"nextItem\":{\"@type\":\"ListItem\",\"@id\":\"https:\\\/\\\/www.andancas.net\\\/site\\\/category\\\/sem-categoria\\\/#listItem\",\"name\":\"Sem categoria\"}},{\"@type\":\"ListItem\",\"@id\":\"https:\\\/\\\/www.andancas.net\\\/site\\\/category\\\/sem-categoria\\\/#listItem\",\"position\":2,\"name\":\"Sem categoria\",\"item\":\"https:\\\/\\\/www.andancas.net\\\/site\\\/category\\\/sem-categoria\\\/\",\"nextItem\":{\"@type\":\"ListItem\",\"@id\":\"https:\\\/\\\/www.andancas.net\\\/site\\\/2025\\\/06\\\/24\\\/cantina-andancas-no-andancas-podes-comer-uma-refeicao-completa-com-produtos-locais-a-um-preco-justo\\\/#listItem\",\"name\":\"Cantina Andan\\u00e7as: no Andan\\u00e7as podes comer uma refei\\u00e7\\u00e3o completa, com produtos locais, a um pre\\u00e7o justo!\"},\"previousItem\":{\"@type\":\"ListItem\",\"@id\":\"https:\\\/\\\/www.andancas.net\\\/site#listItem\",\"name\":\"Home\"}},{\"@type\":\"ListItem\",\"@id\":\"https:\\\/\\\/www.andancas.net\\\/site\\\/2025\\\/06\\\/24\\\/cantina-andancas-no-andancas-podes-comer-uma-refeicao-completa-com-produtos-locais-a-um-preco-justo\\\/#listItem\",\"position\":3,\"name\":\"Cantina Andan\\u00e7as: no Andan\\u00e7as podes comer uma refei\\u00e7\\u00e3o completa, com produtos locais, a um pre\\u00e7o justo!\",\"previousItem\":{\"@type\":\"ListItem\",\"@id\":\"https:\\\/\\\/www.andancas.net\\\/site\\\/category\\\/sem-categoria\\\/#listItem\",\"name\":\"Sem categoria\"}}]},{\"@type\":\"Organization\",\"@id\":\"https:\\\/\\\/www.andancas.net\\\/site\\\/#organization\",\"name\":\"Andan\\u00e7as\",\"url\":\"https:\\\/\\\/www.andancas.net\\\/site\\\/\"},{\"@type\":\"Person\",\"@id\":\"https:\\\/\\\/www.andancas.net\\\/site\\\/author\\\/superadminandancas\\\/#author\",\"url\":\"https:\\\/\\\/www.andancas.net\\\/site\\\/author\\\/superadminandancas\\\/\",\"name\":\"SuperAdminAndancas\",\"image\":{\"@type\":\"ImageObject\",\"@id\":\"https:\\\/\\\/www.andancas.net\\\/site\\\/2025\\\/06\\\/24\\\/cantina-andancas-no-andancas-podes-comer-uma-refeicao-completa-com-produtos-locais-a-um-preco-justo\\\/#authorImage\",\"url\":\"https:\\\/\\\/secure.gravatar.com\\\/avatar\\\/7c5df3e493df7c75d62c64f7f220d0afbc8179289d5d4e6329f5444fde1d842b?s=96&d=mm&r=g\",\"width\":96,\"height\":96,\"caption\":\"SuperAdminAndancas\"}},{\"@type\":\"WebPage\",\"@id\":\"https:\\\/\\\/www.andancas.net\\\/site\\\/2025\\\/06\\\/24\\\/cantina-andancas-no-andancas-podes-comer-uma-refeicao-completa-com-produtos-locais-a-um-preco-justo\\\/#webpage\",\"url\":\"https:\\\/\\\/www.andancas.net\\\/site\\\/2025\\\/06\\\/24\\\/cantina-andancas-no-andancas-podes-comer-uma-refeicao-completa-com-produtos-locais-a-um-preco-justo\\\/\",\"name\":\"Cantina Andan\\u00e7as: no Andan\\u00e7as podes comer uma refei\\u00e7\\u00e3o completa, com produtos locais, a um pre\\u00e7o justo! - Andan\\u00e7as\",\"description\":\"A Cantina Andan\\u00e7as est\\u00e1 de regresso a esta edi\\u00e7\\u00e3o e com v\\u00e1rias novidades. Este ano n\\u00e3o contamos apenas com uma cantina, mas sim com duas Cantinas Andan\\u00e7as, dinamizadas por duas entidades locais e localizadas nas respectivas sedes: a Sociedade Recreativa Campinhense e o Centro Social e Paroquial do Sagrado Cora\\u00e7\\u00e3o de Jesus do Campinho. Nestas\",\"inLanguage\":\"pt-PT\",\"isPartOf\":{\"@id\":\"https:\\\/\\\/www.andancas.net\\\/site\\\/#website\"},\"breadcrumb\":{\"@id\":\"https:\\\/\\\/www.andancas.net\\\/site\\\/2025\\\/06\\\/24\\\/cantina-andancas-no-andancas-podes-comer-uma-refeicao-completa-com-produtos-locais-a-um-preco-justo\\\/#breadcrumblist\"},\"author\":{\"@id\":\"https:\\\/\\\/www.andancas.net\\\/site\\\/author\\\/superadminandancas\\\/#author\"},\"creator\":{\"@id\":\"https:\\\/\\\/www.andancas.net\\\/site\\\/author\\\/superadminandancas\\\/#author\"},\"image\":{\"@type\":\"ImageObject\",\"url\":\"https:\\\/\\\/www.andancas.net\\\/site\\\/wp-content\\\/uploads\\\/2025\\\/06\\\/WhatsApp-Image-2023-07-30-at-11.00.00-11.jpg\",\"@id\":\"https:\\\/\\\/www.andancas.net\\\/site\\\/2025\\\/06\\\/24\\\/cantina-andancas-no-andancas-podes-comer-uma-refeicao-completa-com-produtos-locais-a-um-preco-justo\\\/#mainImage\",\"width\":1600,\"height\":1066},\"primaryImageOfPage\":{\"@id\":\"https:\\\/\\\/www.andancas.net\\\/site\\\/2025\\\/06\\\/24\\\/cantina-andancas-no-andancas-podes-comer-uma-refeicao-completa-com-produtos-locais-a-um-preco-justo\\\/#mainImage\"},\"datePublished\":\"2025-06-24T12:05:44+00:00\",\"dateModified\":\"2025-08-07T13:29:57+00:00\"},{\"@type\":\"WebSite\",\"@id\":\"https:\\\/\\\/www.andancas.net\\\/site\\\/#website\",\"url\":\"https:\\\/\\\/www.andancas.net\\\/site\\\/\",\"name\":\"Andan\\u00e7as\",\"inLanguage\":\"pt-PT\",\"publisher\":{\"@id\":\"https:\\\/\\\/www.andancas.net\\\/site\\\/#organization\"}}]}\n\t\t<\/script>\n\t\t<!-- All in One SEO -->\n\n","aioseo_head_json":{"title":"Cantina Andan\u00e7as: no Andan\u00e7as podes comer uma refei\u00e7\u00e3o completa, com produtos locais, a um pre\u00e7o justo! - Andan\u00e7as","description":"A Cantina Andan\u00e7as est\u00e1 de regresso a esta edi\u00e7\u00e3o e com v\u00e1rias novidades. Este ano n\u00e3o contamos apenas com uma cantina, mas sim com duas Cantinas Andan\u00e7as, dinamizadas por duas entidades locais e localizadas nas respectivas sedes: a Sociedade Recreativa Campinhense e o Centro Social e Paroquial do Sagrado Cora\u00e7\u00e3o de Jesus do Campinho. Nestas","canonical_url":"https:\/\/www.andancas.net\/site\/2025\/06\/24\/cantina-andancas-no-andancas-podes-comer-uma-refeicao-completa-com-produtos-locais-a-um-preco-justo\/","robots":"max-image-preview:large","keywords":"","webmasterTools":{"miscellaneous":""},"schema":{"@context":"https:\/\/schema.org","@graph":[{"@type":"BlogPosting","@id":"https:\/\/www.andancas.net\/site\/2025\/06\/24\/cantina-andancas-no-andancas-podes-comer-uma-refeicao-completa-com-produtos-locais-a-um-preco-justo\/#blogposting","name":"Cantina Andan\u00e7as: no Andan\u00e7as podes comer uma refei\u00e7\u00e3o completa, com produtos locais, a um pre\u00e7o justo! - Andan\u00e7as","headline":"Cantina Andan\u00e7as: no Andan\u00e7as podes comer uma refei\u00e7\u00e3o completa, com produtos locais, a um pre\u00e7o justo!","author":{"@id":"https:\/\/www.andancas.net\/site\/author\/superadminandancas\/#author"},"publisher":{"@id":"https:\/\/www.andancas.net\/site\/#organization"},"image":{"@type":"ImageObject","url":"https:\/\/www.andancas.net\/site\/wp-content\/uploads\/2025\/06\/WhatsApp-Image-2023-07-30-at-11.00.00-11.jpg","width":1600,"height":1066},"datePublished":"2025-06-24T12:05:44+00:00","dateModified":"2025-08-07T13:29:57+00:00","inLanguage":"pt-PT","mainEntityOfPage":{"@id":"https:\/\/www.andancas.net\/site\/2025\/06\/24\/cantina-andancas-no-andancas-podes-comer-uma-refeicao-completa-com-produtos-locais-a-um-preco-justo\/#webpage"},"isPartOf":{"@id":"https:\/\/www.andancas.net\/site\/2025\/06\/24\/cantina-andancas-no-andancas-podes-comer-uma-refeicao-completa-com-produtos-locais-a-um-preco-justo\/#webpage"},"articleSection":"Sem categoria, Portugu\u00eas"},{"@type":"BreadcrumbList","@id":"https:\/\/www.andancas.net\/site\/2025\/06\/24\/cantina-andancas-no-andancas-podes-comer-uma-refeicao-completa-com-produtos-locais-a-um-preco-justo\/#breadcrumblist","itemListElement":[{"@type":"ListItem","@id":"https:\/\/www.andancas.net\/site#listItem","position":1,"name":"Home","item":"https:\/\/www.andancas.net\/site","nextItem":{"@type":"ListItem","@id":"https:\/\/www.andancas.net\/site\/category\/sem-categoria\/#listItem","name":"Sem categoria"}},{"@type":"ListItem","@id":"https:\/\/www.andancas.net\/site\/category\/sem-categoria\/#listItem","position":2,"name":"Sem categoria","item":"https:\/\/www.andancas.net\/site\/category\/sem-categoria\/","nextItem":{"@type":"ListItem","@id":"https:\/\/www.andancas.net\/site\/2025\/06\/24\/cantina-andancas-no-andancas-podes-comer-uma-refeicao-completa-com-produtos-locais-a-um-preco-justo\/#listItem","name":"Cantina Andan\u00e7as: no Andan\u00e7as podes comer uma refei\u00e7\u00e3o completa, com produtos locais, a um pre\u00e7o justo!"},"previousItem":{"@type":"ListItem","@id":"https:\/\/www.andancas.net\/site#listItem","name":"Home"}},{"@type":"ListItem","@id":"https:\/\/www.andancas.net\/site\/2025\/06\/24\/cantina-andancas-no-andancas-podes-comer-uma-refeicao-completa-com-produtos-locais-a-um-preco-justo\/#listItem","position":3,"name":"Cantina Andan\u00e7as: no Andan\u00e7as podes comer uma refei\u00e7\u00e3o completa, com produtos locais, a um pre\u00e7o justo!","previousItem":{"@type":"ListItem","@id":"https:\/\/www.andancas.net\/site\/category\/sem-categoria\/#listItem","name":"Sem categoria"}}]},{"@type":"Organization","@id":"https:\/\/www.andancas.net\/site\/#organization","name":"Andan\u00e7as","url":"https:\/\/www.andancas.net\/site\/"},{"@type":"Person","@id":"https:\/\/www.andancas.net\/site\/author\/superadminandancas\/#author","url":"https:\/\/www.andancas.net\/site\/author\/superadminandancas\/","name":"SuperAdminAndancas","image":{"@type":"ImageObject","@id":"https:\/\/www.andancas.net\/site\/2025\/06\/24\/cantina-andancas-no-andancas-podes-comer-uma-refeicao-completa-com-produtos-locais-a-um-preco-justo\/#authorImage","url":"https:\/\/secure.gravatar.com\/avatar\/7c5df3e493df7c75d62c64f7f220d0afbc8179289d5d4e6329f5444fde1d842b?s=96&d=mm&r=g","width":96,"height":96,"caption":"SuperAdminAndancas"}},{"@type":"WebPage","@id":"https:\/\/www.andancas.net\/site\/2025\/06\/24\/cantina-andancas-no-andancas-podes-comer-uma-refeicao-completa-com-produtos-locais-a-um-preco-justo\/#webpage","url":"https:\/\/www.andancas.net\/site\/2025\/06\/24\/cantina-andancas-no-andancas-podes-comer-uma-refeicao-completa-com-produtos-locais-a-um-preco-justo\/","name":"Cantina Andan\u00e7as: no Andan\u00e7as podes comer uma refei\u00e7\u00e3o completa, com produtos locais, a um pre\u00e7o justo! - Andan\u00e7as","description":"A Cantina Andan\u00e7as est\u00e1 de regresso a esta edi\u00e7\u00e3o e com v\u00e1rias novidades. Este ano n\u00e3o contamos apenas com uma cantina, mas sim com duas Cantinas Andan\u00e7as, dinamizadas por duas entidades locais e localizadas nas respectivas sedes: a Sociedade Recreativa Campinhense e o Centro Social e Paroquial do Sagrado Cora\u00e7\u00e3o de Jesus do Campinho. Nestas","inLanguage":"pt-PT","isPartOf":{"@id":"https:\/\/www.andancas.net\/site\/#website"},"breadcrumb":{"@id":"https:\/\/www.andancas.net\/site\/2025\/06\/24\/cantina-andancas-no-andancas-podes-comer-uma-refeicao-completa-com-produtos-locais-a-um-preco-justo\/#breadcrumblist"},"author":{"@id":"https:\/\/www.andancas.net\/site\/author\/superadminandancas\/#author"},"creator":{"@id":"https:\/\/www.andancas.net\/site\/author\/superadminandancas\/#author"},"image":{"@type":"ImageObject","url":"https:\/\/www.andancas.net\/site\/wp-content\/uploads\/2025\/06\/WhatsApp-Image-2023-07-30-at-11.00.00-11.jpg","@id":"https:\/\/www.andancas.net\/site\/2025\/06\/24\/cantina-andancas-no-andancas-podes-comer-uma-refeicao-completa-com-produtos-locais-a-um-preco-justo\/#mainImage","width":1600,"height":1066},"primaryImageOfPage":{"@id":"https:\/\/www.andancas.net\/site\/2025\/06\/24\/cantina-andancas-no-andancas-podes-comer-uma-refeicao-completa-com-produtos-locais-a-um-preco-justo\/#mainImage"},"datePublished":"2025-06-24T12:05:44+00:00","dateModified":"2025-08-07T13:29:57+00:00"},{"@type":"WebSite","@id":"https:\/\/www.andancas.net\/site\/#website","url":"https:\/\/www.andancas.net\/site\/","name":"Andan\u00e7as","inLanguage":"pt-PT","publisher":{"@id":"https:\/\/www.andancas.net\/site\/#organization"}}]},"og:locale":"pt_PT","og:site_name":"Andan\u00e7as -","og:type":"article","og:title":"Cantina Andan\u00e7as: no Andan\u00e7as podes comer uma refei\u00e7\u00e3o completa, com produtos locais, a um pre\u00e7o justo! - Andan\u00e7as","og:description":"A Cantina Andan\u00e7as est\u00e1 de regresso a esta edi\u00e7\u00e3o e com v\u00e1rias novidades. Este ano n\u00e3o contamos apenas com uma cantina, mas sim com duas Cantinas Andan\u00e7as, dinamizadas por duas entidades locais e localizadas nas respectivas sedes: a Sociedade Recreativa Campinhense e o Centro Social e Paroquial do Sagrado Cora\u00e7\u00e3o de Jesus do Campinho. Nestas","og:url":"https:\/\/www.andancas.net\/site\/2025\/06\/24\/cantina-andancas-no-andancas-podes-comer-uma-refeicao-completa-com-produtos-locais-a-um-preco-justo\/","article:published_time":"2025-06-24T12:05:44+00:00","article:modified_time":"2025-08-07T13:29:57+00:00","twitter:card":"summary_large_image","twitter:title":"Cantina Andan\u00e7as: no Andan\u00e7as podes comer uma refei\u00e7\u00e3o completa, com produtos locais, a um pre\u00e7o justo! - Andan\u00e7as","twitter:description":"A Cantina Andan\u00e7as est\u00e1 de regresso a esta edi\u00e7\u00e3o e com v\u00e1rias novidades. Este ano n\u00e3o contamos apenas com uma cantina, mas sim com duas Cantinas Andan\u00e7as, dinamizadas por duas entidades locais e localizadas nas respectivas sedes: a Sociedade Recreativa Campinhense e o Centro Social e Paroquial do Sagrado Cora\u00e7\u00e3o de Jesus do Campinho. Nestas"},"aioseo_meta_data":{"post_id":"9213","title":null,"description":null,"keywords":null,"keyphrases":{"focus":[],"additional":[]},"canonical_url":null,"og_title":null,"og_description":null,"og_object_type":"default","og_image_type":"default","og_image_custom_url":null,"og_image_custom_fields":null,"og_custom_image_width":null,"og_custom_image_height":null,"og_video":null,"og_custom_url":null,"og_article_section":null,"og_article_tags":null,"twitter_use_og":false,"twitter_card":"default","twitter_image_type":"default","twitter_image_custom_url":null,"twitter_image_custom_fields":null,"twitter_title":null,"twitter_description":null,"schema_type":"default","schema_type_options":null,"pillar_content":false,"robots_default":true,"robots_noindex":false,"robots_noarchive":false,"robots_nosnippet":false,"robots_nofollow":false,"robots_noimageindex":false,"robots_noodp":false,"robots_notranslate":false,"robots_max_snippet":null,"robots_max_videopreview":null,"robots_max_imagepreview":"large","tabs":null,"priority":null,"frequency":null,"local_seo":null,"created":"2026-08-27 18:21:44","updated":"2026-08-27 18:21:44","focus_keyword":null,"additional_keywords":null,"truseo_locale":null,"primary_term":null,"og_image_url":null,"og_image_width":null,"og_image_height":null,"twitter_image_url":null,"schema":{"blockGraphs":[],"customGraphs":[],"default":{"data":{"Article":[],"Course":[],"Dataset":[],"FAQPage":[],"Movie":[],"Person":[],"Product":[],"ProductReview":[],"Car":[],"Recipe":[],"Service":[],"SoftwareApplication":[],"WebPage":[]},"graphName":"","isEnabled":true},"graphs":[]},"limit_modified_date":false,"ai":null,"breadcrumb_settings":null,"seo_analyzer_scan_date":null},"aioseo_breadcrumb":"<div class=\"aioseo-breadcrumbs\"><span class=\"aioseo-breadcrumb\">\n\t\t\t<a href=\"https:\/\/www.andancas.net\/site\" title=\"Home\">Home<\/a>\n\t\t<\/span><span class=\"aioseo-breadcrumb-separator\">&raquo;<\/span><span class=\"aioseo-breadcrumb\">\n\t\t\t<a href=\"https:\/\/www.andancas.net\/site\/category\/sem-categoria\/\" title=\"Sem categoria\">Sem categoria<\/a>\n\t\t<\/span><span class=\"aioseo-breadcrumb-separator\">&raquo;<\/span><span class=\"aioseo-breadcrumb\">\n\t\t\tCantina Andan\u00e7as: no Andan\u00e7as podes comer uma refei\u00e7\u00e3o completa, com produtos locais, a um pre\u00e7o justo!\n\t\t<\/span><\/div>","aioseo_breadcrumb_json":[{"label":"Home","link":"https:\/\/www.andancas.net\/site"},{"label":"Sem categoria","link":"https:\/\/www.andancas.net\/site\/category\/sem-categoria\/"},{"label":"Cantina Andan\u00e7as: no Andan\u00e7as podes comer uma refei\u00e7\u00e3o completa, com produtos locais, a um pre\u00e7o justo!","link":"https:\/\/www.andancas.net\/site\/2025\/06\/24\/cantina-andancas-no-andancas-podes-comer-uma-refeicao-completa-com-produtos-locais-a-um-preco-justo\/"}],"_links":{"self":[{"href":"https:\/\/www.andancas.net\/site\/wp-json\/wp\/v2\/posts\/9213","targetHints":{"allow":["GET"]}}],"collection":[{"href":"https:\/\/www.andancas.net\/site\/wp-json\/wp\/v2\/posts"}],"about":[{"href":"https:\/\/www.andancas.net\/site\/wp-json\/wp\/v2\/types\/post"}],"author":[{"embeddable":true,"href":"https:\/\/www.andancas.net\/site\/wp-json\/wp\/v2\/users\/1"}],"replies":[{"embeddable":true,"href":"https:\/\/www.andancas.net\/site\/wp-json\/wp\/v2\/comments?post=9213"}],"version-history":[{"count":0,"href":"https:\/\/www.andancas.net\/site\/wp-json\/wp\/v2\/posts\/9213\/revisions"}],"wp:featuredmedia":[{"embeddable":true,"href":"https:\/\/www.andancas.net\/site\/wp-json\/wp\/v2\/media\/9215"}],"wp:attachment":[{"href":"https:\/\/www.andancas.net\/site\/wp-json\/wp\/v2\/media?parent=9213"}],"wp:term":[{"taxonomy":"category","embeddable":true,"href":"https:\/\/www.andancas.net\/site\/wp-json\/wp\/v2\/categories?post=9213"},{"taxonomy":"post_tag","embeddable":true,"href":"https:\/\/www.andancas.net\/site\/wp-json\/wp\/v2\/tags?post=9213"}],"curies":[{"name":"wp","href":"https:\/\/api.w.org\/{rel}","templated":true}]}}