{"id":9190,"date":"2025-06-20T09:57:12","date_gmt":"2025-06-20T09:57:12","guid":{"rendered":"https:\/\/www.andancas.net\/site\/?p=9190"},"modified":"2025-06-20T09:58:57","modified_gmt":"2025-06-20T09:58:57","slug":"abre-3a-fase-de-candidaturas-ao-voluntariado-andancas-de-23-de-junho-a-4-de-julho","status":"publish","type":"post","link":"https:\/\/www.andancas.net\/site\/2025\/06\/20\/abre-3a-fase-de-candidaturas-ao-voluntariado-andancas-de-23-de-junho-a-4-de-julho\/","title":{"rendered":"Abre 3\u00aa fase de candidaturas ao voluntariado Andan\u00e7as: de 23 de junho a 4 de julho!"},"content":{"rendered":"<p>O Andan\u00e7as \u00e9 o maior festival de dan\u00e7as tradicionais da Pen\u00ednsula Ib\u00e9rica. O tempo e o esfor\u00e7o investidos em todas as \u00e1reas do voluntariado s\u00e3o vitais para garantir a continuidade do festival e o cumprimento dos compromissos por este assumidos com os participantes, artistas e monitores, com os parceiros, a comunidade local e com todos os que contribuem de forma direta ou indireta para o seu sucesso.<\/p>\n<p>Agradecemos a todas as pessoas que anualmente se disponibilizam para integrar o programa de voluntariado do Andan\u00e7as e assumem connosco o compromisso de cumprir e fazer cumprir os princ\u00edpios e linhas orientadoras que regulam o trabalho da Associa\u00e7\u00e3o P\u00e9deXumbo.<\/p>\n<p>Todos os anos s\u00e3o muit@s @s candidat@s que se prop\u00f5em para o voluntariado no Andan\u00e7as. @s que s\u00e3o selecionad@s d\u00e3o corpo a uma equipa que coloca o festival de p\u00e9. O ambiente \u00edmpar do festival deve-se, em grande parte, a esta for\u00e7a humana que o faz acontecer: os volunt\u00e1rios!<\/p>\n<p>Da cantina onde se entregam ou lavam pratos, ao campismo ou mesmo aos palcos, o ambiente de alegria e coopera\u00e7\u00e3o destes prestadores de servi\u00e7os especiais \u00e9 contagiante. H\u00e1 um problema? Tudo se resolve!<\/p>\n<p><strong>A 3\u00aa fase de candidaturas ao Voluntariado Andan\u00e7as abre de 23 de junho a 4 de julho atrav\u00e9s do preenchimento de um formul\u00e1rio online, que ficar\u00e1 dispon\u00edvel <a href=\"https:\/\/www.andancas.net\/site\/info\/candidaturas\/\" target=\"_blank\" rel=\"noopener\">aqui<\/a>.\u00a0<\/strong><\/p>\n","protected":false},"excerpt":{"rendered":"<p>O Andan\u00e7as \u00e9 o maior festival de dan\u00e7as tradicionais da Pen\u00ednsula Ib\u00e9rica. O tempo e o esfor\u00e7o investidos em todas as \u00e1reas do voluntariado s\u00e3o vitais para garantir a continuidade do festival e o cumprimento dos compromissos por este assumidos com os participantes, artistas e monitores, com os parceiros, a comunidade local e com todos <a href=\"https:\/\/www.andancas.net\/site\/2025\/06\/20\/abre-3a-fase-de-candidaturas-ao-voluntariado-andancas-de-23-de-junho-a-4-de-julho\/\" class=\"more-link\">&#8230;<span class=\"screen-reader-text\">  Abre 3\u00aa fase de candidaturas ao voluntariado Andan\u00e7as: de 23 de junho a 4 de julho!<\/span><\/a><\/p>\n","protected":false},"author":1,"featured_media":9191,"comment_status":"closed","ping_status":"closed","sticky":false,"template":"","format":"standard","meta":{"_uf_show_specific_survey":0,"_uf_disable_surveys":false,"footnotes":""},"categories":[1],"tags":[],"class_list":["post-9190","post","type-post","status-publish","format-standard","has-post-thumbnail","hentry","category-sem-categoria"],"aioseo_notices":[],"aioseo_head":"\n\t\t<!-- All in One SEO 5.0.1 - aioseo.com -->\n\t<meta name=\"description\" content=\"O Andan\u00e7as \u00e9 o maior festival de dan\u00e7as tradicionais da Pen\u00ednsula Ib\u00e9rica. O tempo e o esfor\u00e7o investidos em todas as \u00e1reas do voluntariado s\u00e3o vitais para garantir a continuidade do festival e o cumprimento dos compromissos por este assumidos com os participantes, artistas e monitores, com os parceiros, a comunidade local e com todos\" \/>\n\t<meta name=\"robots\" content=\"max-image-preview:large\" \/>\n\t<meta name=\"author\" content=\"SuperAdminAndancas\"\/>\n\t<link rel=\"canonical\" href=\"https:\/\/www.andancas.net\/site\/2025\/06\/20\/abre-3a-fase-de-candidaturas-ao-voluntariado-andancas-de-23-de-junho-a-4-de-julho\/\" \/>\n\t<meta name=\"generator\" content=\"All in One SEO (AIOSEO) 5.0.1\" \/>\n\t\t<meta property=\"og:locale\" content=\"pt_PT\" \/>\n\t\t<meta property=\"og:site_name\" content=\"Andan\u00e7as -\" \/>\n\t\t<meta property=\"og:type\" content=\"article\" \/>\n\t\t<meta property=\"og:title\" content=\"Abre 3\u00aa fase de candidaturas ao voluntariado Andan\u00e7as: de 23 de junho a 4 de julho! - Andan\u00e7as\" \/>\n\t\t<meta property=\"og:description\" content=\"O Andan\u00e7as \u00e9 o maior festival de dan\u00e7as tradicionais da Pen\u00ednsula Ib\u00e9rica. O tempo e o esfor\u00e7o investidos em todas as \u00e1reas do voluntariado s\u00e3o vitais para garantir a continuidade do festival e o cumprimento dos compromissos por este assumidos com os participantes, artistas e monitores, com os parceiros, a comunidade local e com todos\" \/>\n\t\t<meta property=\"og:url\" content=\"https:\/\/www.andancas.net\/site\/2025\/06\/20\/abre-3a-fase-de-candidaturas-ao-voluntariado-andancas-de-23-de-junho-a-4-de-julho\/\" \/>\n\t\t<meta property=\"article:published_time\" content=\"2025-06-20T09:57:12+00:00\" \/>\n\t\t<meta property=\"article:modified_time\" content=\"2025-06-20T09:58:57+00:00\" \/>\n\t\t<meta name=\"twitter:card\" content=\"summary_large_image\" \/>\n\t\t<meta name=\"twitter:title\" content=\"Abre 3\u00aa fase de candidaturas ao voluntariado Andan\u00e7as: de 23 de junho a 4 de julho! - Andan\u00e7as\" \/>\n\t\t<meta name=\"twitter:description\" content=\"O Andan\u00e7as \u00e9 o maior festival de dan\u00e7as tradicionais da Pen\u00ednsula Ib\u00e9rica. O tempo e o esfor\u00e7o investidos em todas as \u00e1reas do voluntariado s\u00e3o vitais para garantir a continuidade do festival e o cumprimento dos compromissos por este assumidos com os participantes, artistas e monitores, com os parceiros, a comunidade local e com todos\" \/>\n\t\t<script type=\"application\/ld+json\" class=\"aioseo-schema\">\n\t\t\t{\"@context\":\"https:\\\/\\\/schema.org\",\"@graph\":[{\"@type\":\"BlogPosting\",\"@id\":\"https:\\\/\\\/www.andancas.net\\\/site\\\/2025\\\/06\\\/20\\\/abre-3a-fase-de-candidaturas-ao-voluntariado-andancas-de-23-de-junho-a-4-de-julho\\\/#blogposting\",\"name\":\"Abre 3\\u00aa fase de candidaturas ao voluntariado Andan\\u00e7as: de 23 de junho a 4 de julho! - Andan\\u00e7as\",\"headline\":\"Abre 3\\u00aa fase de candidaturas ao voluntariado Andan\\u00e7as: de 23 de junho a 4 de julho!\",\"author\":{\"@id\":\"https:\\\/\\\/www.andancas.net\\\/site\\\/author\\\/superadminandancas\\\/#author\"},\"publisher\":{\"@id\":\"https:\\\/\\\/www.andancas.net\\\/site\\\/#organization\"},\"image\":{\"@type\":\"ImageObject\",\"url\":\"https:\\\/\\\/www.andancas.net\\\/site\\\/wp-content\\\/uploads\\\/2025\\\/06\\\/MG_9020.jpg\",\"width\":1800,\"height\":1200},\"datePublished\":\"2025-06-20T09:57:12+00:00\",\"dateModified\":\"2025-06-20T09:58:57+00:00\",\"inLanguage\":\"pt-PT\",\"mainEntityOfPage\":{\"@id\":\"https:\\\/\\\/www.andancas.net\\\/site\\\/2025\\\/06\\\/20\\\/abre-3a-fase-de-candidaturas-ao-voluntariado-andancas-de-23-de-junho-a-4-de-julho\\\/#webpage\"},\"isPartOf\":{\"@id\":\"https:\\\/\\\/www.andancas.net\\\/site\\\/2025\\\/06\\\/20\\\/abre-3a-fase-de-candidaturas-ao-voluntariado-andancas-de-23-de-junho-a-4-de-julho\\\/#webpage\"},\"articleSection\":\"Sem categoria, Portugu\\u00eas\"},{\"@type\":\"BreadcrumbList\",\"@id\":\"https:\\\/\\\/www.andancas.net\\\/site\\\/2025\\\/06\\\/20\\\/abre-3a-fase-de-candidaturas-ao-voluntariado-andancas-de-23-de-junho-a-4-de-julho\\\/#breadcrumblist\",\"itemListElement\":[{\"@type\":\"ListItem\",\"@id\":\"https:\\\/\\\/www.andancas.net\\\/site#listItem\",\"position\":1,\"name\":\"Home\",\"item\":\"https:\\\/\\\/www.andancas.net\\\/site\",\"nextItem\":{\"@type\":\"ListItem\",\"@id\":\"https:\\\/\\\/www.andancas.net\\\/site\\\/category\\\/sem-categoria\\\/#listItem\",\"name\":\"Sem categoria\"}},{\"@type\":\"ListItem\",\"@id\":\"https:\\\/\\\/www.andancas.net\\\/site\\\/category\\\/sem-categoria\\\/#listItem\",\"position\":2,\"name\":\"Sem categoria\",\"item\":\"https:\\\/\\\/www.andancas.net\\\/site\\\/category\\\/sem-categoria\\\/\",\"nextItem\":{\"@type\":\"ListItem\",\"@id\":\"https:\\\/\\\/www.andancas.net\\\/site\\\/2025\\\/06\\\/20\\\/abre-3a-fase-de-candidaturas-ao-voluntariado-andancas-de-23-de-junho-a-4-de-julho\\\/#listItem\",\"name\":\"Abre 3\\u00aa fase de candidaturas ao voluntariado Andan\\u00e7as: de 23 de junho a 4 de julho!\"},\"previousItem\":{\"@type\":\"ListItem\",\"@id\":\"https:\\\/\\\/www.andancas.net\\\/site#listItem\",\"name\":\"Home\"}},{\"@type\":\"ListItem\",\"@id\":\"https:\\\/\\\/www.andancas.net\\\/site\\\/2025\\\/06\\\/20\\\/abre-3a-fase-de-candidaturas-ao-voluntariado-andancas-de-23-de-junho-a-4-de-julho\\\/#listItem\",\"position\":3,\"name\":\"Abre 3\\u00aa fase de candidaturas ao voluntariado Andan\\u00e7as: de 23 de junho a 4 de julho!\",\"previousItem\":{\"@type\":\"ListItem\",\"@id\":\"https:\\\/\\\/www.andancas.net\\\/site\\\/category\\\/sem-categoria\\\/#listItem\",\"name\":\"Sem categoria\"}}]},{\"@type\":\"Organization\",\"@id\":\"https:\\\/\\\/www.andancas.net\\\/site\\\/#organization\",\"name\":\"Andan\\u00e7as\",\"url\":\"https:\\\/\\\/www.andancas.net\\\/site\\\/\"},{\"@type\":\"Person\",\"@id\":\"https:\\\/\\\/www.andancas.net\\\/site\\\/author\\\/superadminandancas\\\/#author\",\"url\":\"https:\\\/\\\/www.andancas.net\\\/site\\\/author\\\/superadminandancas\\\/\",\"name\":\"SuperAdminAndancas\",\"image\":{\"@type\":\"ImageObject\",\"@id\":\"https:\\\/\\\/www.andancas.net\\\/site\\\/2025\\\/06\\\/20\\\/abre-3a-fase-de-candidaturas-ao-voluntariado-andancas-de-23-de-junho-a-4-de-julho\\\/#authorImage\",\"url\":\"https:\\\/\\\/secure.gravatar.com\\\/avatar\\\/7c5df3e493df7c75d62c64f7f220d0afbc8179289d5d4e6329f5444fde1d842b?s=96&d=mm&r=g\",\"width\":96,\"height\":96,\"caption\":\"SuperAdminAndancas\"}},{\"@type\":\"WebPage\",\"@id\":\"https:\\\/\\\/www.andancas.net\\\/site\\\/2025\\\/06\\\/20\\\/abre-3a-fase-de-candidaturas-ao-voluntariado-andancas-de-23-de-junho-a-4-de-julho\\\/#webpage\",\"url\":\"https:\\\/\\\/www.andancas.net\\\/site\\\/2025\\\/06\\\/20\\\/abre-3a-fase-de-candidaturas-ao-voluntariado-andancas-de-23-de-junho-a-4-de-julho\\\/\",\"name\":\"Abre 3\\u00aa fase de candidaturas ao voluntariado Andan\\u00e7as: de 23 de junho a 4 de julho! - Andan\\u00e7as\",\"description\":\"O Andan\\u00e7as \\u00e9 o maior festival de dan\\u00e7as tradicionais da Pen\\u00ednsula Ib\\u00e9rica. O tempo e o esfor\\u00e7o investidos em todas as \\u00e1reas do voluntariado s\\u00e3o vitais para garantir a continuidade do festival e o cumprimento dos compromissos por este assumidos com os participantes, artistas e monitores, com os parceiros, a comunidade local e com todos\",\"inLanguage\":\"pt-PT\",\"isPartOf\":{\"@id\":\"https:\\\/\\\/www.andancas.net\\\/site\\\/#website\"},\"breadcrumb\":{\"@id\":\"https:\\\/\\\/www.andancas.net\\\/site\\\/2025\\\/06\\\/20\\\/abre-3a-fase-de-candidaturas-ao-voluntariado-andancas-de-23-de-junho-a-4-de-julho\\\/#breadcrumblist\"},\"author\":{\"@id\":\"https:\\\/\\\/www.andancas.net\\\/site\\\/author\\\/superadminandancas\\\/#author\"},\"creator\":{\"@id\":\"https:\\\/\\\/www.andancas.net\\\/site\\\/author\\\/superadminandancas\\\/#author\"},\"image\":{\"@type\":\"ImageObject\",\"url\":\"https:\\\/\\\/www.andancas.net\\\/site\\\/wp-content\\\/uploads\\\/2025\\\/06\\\/MG_9020.jpg\",\"@id\":\"https:\\\/\\\/www.andancas.net\\\/site\\\/2025\\\/06\\\/20\\\/abre-3a-fase-de-candidaturas-ao-voluntariado-andancas-de-23-de-junho-a-4-de-julho\\\/#mainImage\",\"width\":1800,\"height\":1200},\"primaryImageOfPage\":{\"@id\":\"https:\\\/\\\/www.andancas.net\\\/site\\\/2025\\\/06\\\/20\\\/abre-3a-fase-de-candidaturas-ao-voluntariado-andancas-de-23-de-junho-a-4-de-julho\\\/#mainImage\"},\"datePublished\":\"2025-06-20T09:57:12+00:00\",\"dateModified\":\"2025-06-20T09:58:57+00:00\"},{\"@type\":\"WebSite\",\"@id\":\"https:\\\/\\\/www.andancas.net\\\/site\\\/#website\",\"url\":\"https:\\\/\\\/www.andancas.net\\\/site\\\/\",\"name\":\"Andan\\u00e7as\",\"inLanguage\":\"pt-PT\",\"publisher\":{\"@id\":\"https:\\\/\\\/www.andancas.net\\\/site\\\/#organization\"}}]}\n\t\t<\/script>\n\t\t<!-- All in One SEO -->\n\n","aioseo_head_json":{"title":"Abre 3\u00aa fase de candidaturas ao voluntariado Andan\u00e7as: de 23 de junho a 4 de julho! - Andan\u00e7as","description":"O Andan\u00e7as \u00e9 o maior festival de dan\u00e7as tradicionais da Pen\u00ednsula Ib\u00e9rica. O tempo e o esfor\u00e7o investidos em todas as \u00e1reas do voluntariado s\u00e3o vitais para garantir a continuidade do festival e o cumprimento dos compromissos por este assumidos com os participantes, artistas e monitores, com os parceiros, a comunidade local e com todos","canonical_url":"https:\/\/www.andancas.net\/site\/2025\/06\/20\/abre-3a-fase-de-candidaturas-ao-voluntariado-andancas-de-23-de-junho-a-4-de-julho\/","robots":"max-image-preview:large","keywords":"","webmasterTools":{"miscellaneous":""},"schema":{"@context":"https:\/\/schema.org","@graph":[{"@type":"BlogPosting","@id":"https:\/\/www.andancas.net\/site\/2025\/06\/20\/abre-3a-fase-de-candidaturas-ao-voluntariado-andancas-de-23-de-junho-a-4-de-julho\/#blogposting","name":"Abre 3\u00aa fase de candidaturas ao voluntariado Andan\u00e7as: de 23 de junho a 4 de julho! - Andan\u00e7as","headline":"Abre 3\u00aa fase de candidaturas ao voluntariado Andan\u00e7as: de 23 de junho a 4 de julho!","author":{"@id":"https:\/\/www.andancas.net\/site\/author\/superadminandancas\/#author"},"publisher":{"@id":"https:\/\/www.andancas.net\/site\/#organization"},"image":{"@type":"ImageObject","url":"https:\/\/www.andancas.net\/site\/wp-content\/uploads\/2025\/06\/MG_9020.jpg","width":1800,"height":1200},"datePublished":"2025-06-20T09:57:12+00:00","dateModified":"2025-06-20T09:58:57+00:00","inLanguage":"pt-PT","mainEntityOfPage":{"@id":"https:\/\/www.andancas.net\/site\/2025\/06\/20\/abre-3a-fase-de-candidaturas-ao-voluntariado-andancas-de-23-de-junho-a-4-de-julho\/#webpage"},"isPartOf":{"@id":"https:\/\/www.andancas.net\/site\/2025\/06\/20\/abre-3a-fase-de-candidaturas-ao-voluntariado-andancas-de-23-de-junho-a-4-de-julho\/#webpage"},"articleSection":"Sem categoria, Portugu\u00eas"},{"@type":"BreadcrumbList","@id":"https:\/\/www.andancas.net\/site\/2025\/06\/20\/abre-3a-fase-de-candidaturas-ao-voluntariado-andancas-de-23-de-junho-a-4-de-julho\/#breadcrumblist","itemListElement":[{"@type":"ListItem","@id":"https:\/\/www.andancas.net\/site#listItem","position":1,"name":"Home","item":"https:\/\/www.andancas.net\/site","nextItem":{"@type":"ListItem","@id":"https:\/\/www.andancas.net\/site\/category\/sem-categoria\/#listItem","name":"Sem categoria"}},{"@type":"ListItem","@id":"https:\/\/www.andancas.net\/site\/category\/sem-categoria\/#listItem","position":2,"name":"Sem categoria","item":"https:\/\/www.andancas.net\/site\/category\/sem-categoria\/","nextItem":{"@type":"ListItem","@id":"https:\/\/www.andancas.net\/site\/2025\/06\/20\/abre-3a-fase-de-candidaturas-ao-voluntariado-andancas-de-23-de-junho-a-4-de-julho\/#listItem","name":"Abre 3\u00aa fase de candidaturas ao voluntariado Andan\u00e7as: de 23 de junho a 4 de julho!"},"previousItem":{"@type":"ListItem","@id":"https:\/\/www.andancas.net\/site#listItem","name":"Home"}},{"@type":"ListItem","@id":"https:\/\/www.andancas.net\/site\/2025\/06\/20\/abre-3a-fase-de-candidaturas-ao-voluntariado-andancas-de-23-de-junho-a-4-de-julho\/#listItem","position":3,"name":"Abre 3\u00aa fase de candidaturas ao voluntariado Andan\u00e7as: de 23 de junho a 4 de julho!","previousItem":{"@type":"ListItem","@id":"https:\/\/www.andancas.net\/site\/category\/sem-categoria\/#listItem","name":"Sem categoria"}}]},{"@type":"Organization","@id":"https:\/\/www.andancas.net\/site\/#organization","name":"Andan\u00e7as","url":"https:\/\/www.andancas.net\/site\/"},{"@type":"Person","@id":"https:\/\/www.andancas.net\/site\/author\/superadminandancas\/#author","url":"https:\/\/www.andancas.net\/site\/author\/superadminandancas\/","name":"SuperAdminAndancas","image":{"@type":"ImageObject","@id":"https:\/\/www.andancas.net\/site\/2025\/06\/20\/abre-3a-fase-de-candidaturas-ao-voluntariado-andancas-de-23-de-junho-a-4-de-julho\/#authorImage","url":"https:\/\/secure.gravatar.com\/avatar\/7c5df3e493df7c75d62c64f7f220d0afbc8179289d5d4e6329f5444fde1d842b?s=96&d=mm&r=g","width":96,"height":96,"caption":"SuperAdminAndancas"}},{"@type":"WebPage","@id":"https:\/\/www.andancas.net\/site\/2025\/06\/20\/abre-3a-fase-de-candidaturas-ao-voluntariado-andancas-de-23-de-junho-a-4-de-julho\/#webpage","url":"https:\/\/www.andancas.net\/site\/2025\/06\/20\/abre-3a-fase-de-candidaturas-ao-voluntariado-andancas-de-23-de-junho-a-4-de-julho\/","name":"Abre 3\u00aa fase de candidaturas ao voluntariado Andan\u00e7as: de 23 de junho a 4 de julho! - Andan\u00e7as","description":"O Andan\u00e7as \u00e9 o maior festival de dan\u00e7as tradicionais da Pen\u00ednsula Ib\u00e9rica. O tempo e o esfor\u00e7o investidos em todas as \u00e1reas do voluntariado s\u00e3o vitais para garantir a continuidade do festival e o cumprimento dos compromissos por este assumidos com os participantes, artistas e monitores, com os parceiros, a comunidade local e com todos","inLanguage":"pt-PT","isPartOf":{"@id":"https:\/\/www.andancas.net\/site\/#website"},"breadcrumb":{"@id":"https:\/\/www.andancas.net\/site\/2025\/06\/20\/abre-3a-fase-de-candidaturas-ao-voluntariado-andancas-de-23-de-junho-a-4-de-julho\/#breadcrumblist"},"author":{"@id":"https:\/\/www.andancas.net\/site\/author\/superadminandancas\/#author"},"creator":{"@id":"https:\/\/www.andancas.net\/site\/author\/superadminandancas\/#author"},"image":{"@type":"ImageObject","url":"https:\/\/www.andancas.net\/site\/wp-content\/uploads\/2025\/06\/MG_9020.jpg","@id":"https:\/\/www.andancas.net\/site\/2025\/06\/20\/abre-3a-fase-de-candidaturas-ao-voluntariado-andancas-de-23-de-junho-a-4-de-julho\/#mainImage","width":1800,"height":1200},"primaryImageOfPage":{"@id":"https:\/\/www.andancas.net\/site\/2025\/06\/20\/abre-3a-fase-de-candidaturas-ao-voluntariado-andancas-de-23-de-junho-a-4-de-julho\/#mainImage"},"datePublished":"2025-06-20T09:57:12+00:00","dateModified":"2025-06-20T09:58:57+00:00"},{"@type":"WebSite","@id":"https:\/\/www.andancas.net\/site\/#website","url":"https:\/\/www.andancas.net\/site\/","name":"Andan\u00e7as","inLanguage":"pt-PT","publisher":{"@id":"https:\/\/www.andancas.net\/site\/#organization"}}]},"og:locale":"pt_PT","og:site_name":"Andan\u00e7as -","og:type":"article","og:title":"Abre 3\u00aa fase de candidaturas ao voluntariado Andan\u00e7as: de 23 de junho a 4 de julho! - Andan\u00e7as","og:description":"O Andan\u00e7as \u00e9 o maior festival de dan\u00e7as tradicionais da Pen\u00ednsula Ib\u00e9rica. O tempo e o esfor\u00e7o investidos em todas as \u00e1reas do voluntariado s\u00e3o vitais para garantir a continuidade do festival e o cumprimento dos compromissos por este assumidos com os participantes, artistas e monitores, com os parceiros, a comunidade local e com todos","og:url":"https:\/\/www.andancas.net\/site\/2025\/06\/20\/abre-3a-fase-de-candidaturas-ao-voluntariado-andancas-de-23-de-junho-a-4-de-julho\/","article:published_time":"2025-06-20T09:57:12+00:00","article:modified_time":"2025-06-20T09:58:57+00:00","twitter:card":"summary_large_image","twitter:title":"Abre 3\u00aa fase de candidaturas ao voluntariado Andan\u00e7as: de 23 de junho a 4 de julho! - Andan\u00e7as","twitter:description":"O Andan\u00e7as \u00e9 o maior festival de dan\u00e7as tradicionais da Pen\u00ednsula Ib\u00e9rica. O tempo e o esfor\u00e7o investidos em todas as \u00e1reas do voluntariado s\u00e3o vitais para garantir a continuidade do festival e o cumprimento dos compromissos por este assumidos com os participantes, artistas e monitores, com os parceiros, a comunidade local e com todos"},"aioseo_meta_data":{"post_id":"9190","title":null,"description":null,"keywords":null,"keyphrases":{"focus":[],"additional":[]},"canonical_url":null,"og_title":null,"og_description":null,"og_object_type":"default","og_image_type":"default","og_image_custom_url":null,"og_image_custom_fields":null,"og_custom_image_width":null,"og_custom_image_height":null,"og_video":null,"og_custom_url":null,"og_article_section":null,"og_article_tags":null,"twitter_use_og":false,"twitter_card":"default","twitter_image_type":"default","twitter_image_custom_url":null,"twitter_image_custom_fields":null,"twitter_title":null,"twitter_description":null,"schema_type":"default","schema_type_options":null,"pillar_content":false,"robots_default":true,"robots_noindex":false,"robots_noarchive":false,"robots_nosnippet":false,"robots_nofollow":false,"robots_noimageindex":false,"robots_noodp":false,"robots_notranslate":false,"robots_max_snippet":null,"robots_max_videopreview":null,"robots_max_imagepreview":"large","tabs":null,"priority":null,"frequency":null,"local_seo":null,"created":"2026-08-27 18:21:44","updated":"2026-08-27 18:21:44","focus_keyword":null,"additional_keywords":null,"truseo_locale":null,"primary_term":null,"og_image_url":null,"og_image_width":null,"og_image_height":null,"twitter_image_url":null,"schema":{"blockGraphs":[],"customGraphs":[],"default":{"data":{"Article":[],"Course":[],"Dataset":[],"FAQPage":[],"Movie":[],"Person":[],"Product":[],"ProductReview":[],"Car":[],"Recipe":[],"Service":[],"SoftwareApplication":[],"WebPage":[]},"graphName":"","isEnabled":true},"graphs":[]},"limit_modified_date":false,"ai":null,"breadcrumb_settings":null,"seo_analyzer_scan_date":null},"aioseo_breadcrumb":"<div class=\"aioseo-breadcrumbs\"><span class=\"aioseo-breadcrumb\">\n\t\t\t<a href=\"https:\/\/www.andancas.net\/site\" title=\"Home\">Home<\/a>\n\t\t<\/span><span class=\"aioseo-breadcrumb-separator\">&raquo;<\/span><span class=\"aioseo-breadcrumb\">\n\t\t\t<a href=\"https:\/\/www.andancas.net\/site\/category\/sem-categoria\/\" title=\"Sem categoria\">Sem categoria<\/a>\n\t\t<\/span><span class=\"aioseo-breadcrumb-separator\">&raquo;<\/span><span class=\"aioseo-breadcrumb\">\n\t\t\tAbre 3\u00aa fase de candidaturas ao voluntariado Andan\u00e7as: de 23 de junho a 4 de julho!\n\t\t<\/span><\/div>","aioseo_breadcrumb_json":[{"label":"Home","link":"https:\/\/www.andancas.net\/site"},{"label":"Sem categoria","link":"https:\/\/www.andancas.net\/site\/category\/sem-categoria\/"},{"label":"Abre 3\u00aa fase de candidaturas ao voluntariado Andan\u00e7as: de 23 de junho a 4 de julho!","link":"https:\/\/www.andancas.net\/site\/2025\/06\/20\/abre-3a-fase-de-candidaturas-ao-voluntariado-andancas-de-23-de-junho-a-4-de-julho\/"}],"_links":{"self":[{"href":"https:\/\/www.andancas.net\/site\/wp-json\/wp\/v2\/posts\/9190","targetHints":{"allow":["GET"]}}],"collection":[{"href":"https:\/\/www.andancas.net\/site\/wp-json\/wp\/v2\/posts"}],"about":[{"href":"https:\/\/www.andancas.net\/site\/wp-json\/wp\/v2\/types\/post"}],"author":[{"embeddable":true,"href":"https:\/\/www.andancas.net\/site\/wp-json\/wp\/v2\/users\/1"}],"replies":[{"embeddable":true,"href":"https:\/\/www.andancas.net\/site\/wp-json\/wp\/v2\/comments?post=9190"}],"version-history":[{"count":0,"href":"https:\/\/www.andancas.net\/site\/wp-json\/wp\/v2\/posts\/9190\/revisions"}],"wp:featuredmedia":[{"embeddable":true,"href":"https:\/\/www.andancas.net\/site\/wp-json\/wp\/v2\/media\/9191"}],"wp:attachment":[{"href":"https:\/\/www.andancas.net\/site\/wp-json\/wp\/v2\/media?parent=9190"}],"wp:term":[{"taxonomy":"category","embeddable":true,"href":"https:\/\/www.andancas.net\/site\/wp-json\/wp\/v2\/categories?post=9190"},{"taxonomy":"post_tag","embeddable":true,"href":"https:\/\/www.andancas.net\/site\/wp-json\/wp\/v2\/tags?post=9190"}],"curies":[{"name":"wp","href":"https:\/\/api.w.org\/{rel}","templated":true}]}}