{"id":9163,"date":"2025-06-12T15:07:25","date_gmt":"2025-06-12T15:07:25","guid":{"rendered":"https:\/\/www.andancas.net\/site\/?p=9163"},"modified":"2025-06-12T15:13:35","modified_gmt":"2025-06-12T15:13:35","slug":"ir-ao-andancas-e-a-experiencia-de-viver-no-alentejo-interior-durante-quatro-dias","status":"publish","type":"post","link":"https:\/\/www.andancas.net\/site\/2025\/06\/12\/ir-ao-andancas-e-a-experiencia-de-viver-no-alentejo-interior-durante-quatro-dias\/","title":{"rendered":"&#8220;Ir ao Andan\u00e7as \u00e9 a experi\u00eancia de viver no Alentejo interior durante quatro dias!\u201d"},"content":{"rendered":"<p align=\"justify\">Est\u00e1 quase a\u00ed a pr\u00f3xima edi\u00e7\u00e3o do <strong>Festival Andan\u00e7as, de 14 a 17 de agosto, na aldeia de Campinho, concelho de Reguengos de Monsaraz.<\/strong> Organizado pela Associa\u00e7\u00e3o P\u00e9deXumbo, em parceria com a C\u00e2mara Municipal de Reguengos de Monsaraz e a Uni\u00e3o de Freguesias de Campo e Campinho, o festival volta a promover a <strong>m\u00fasica e a dan\u00e7a popular<\/strong> enquanto meios privilegiados de aprendizagem e interc\u00e2mbio entre gera\u00e7\u00f5es, saberes e culturas. Neste festival podem aprender dezenas de dan\u00e7as, do mundo inteiro. Para os quatro dias de festival est\u00e3o agendadas <strong>mais de 120 atividades em 7 espa\u00e7os diferentes de programa\u00e7\u00e3o.<\/strong> Com m\u00fasica e <strong>dan\u00e7a de v\u00e1rios cantos do mundo<\/strong>, no programa podemos contar com <strong>bailes, concertos, oficinas de dan\u00e7a e de relaxamento, atividades para fam\u00edlias , manualidades, visitas e passeios na regi\u00e3o, com uma boa dose de programa\u00e7\u00e3o local<\/strong> para conhecer a cultura deste territ\u00f3rio.<\/p>\n<p align=\"justify\">O Andan\u00e7as \u00e9 ainda um festival dirigido \u00e0s <strong>fam\u00edlias<\/strong> e \u00e0s crian\u00e7as que podem usufruir de mais de duas dezenas de atividades dedicadas a este grupo e que acontecem no Espa\u00e7o Crian\u00e7a, este ano localizado no recinto principal, com uma agenda forte em anima\u00e7\u00e3o!<\/p>\n<p align=\"justify\">De regresso estar\u00e1 tamb\u00e9m o <strong>Mercado de Artesanato<\/strong> na Pra\u00e7a de Bernardino Jos\u00e9 Cruz, junto a um dos palcos do festival, este \u00e9 um espa\u00e7o tradicional para venda de bens regionais e artesanato do mundo; a <strong>Cantina Andan\u00e7as<\/strong>, com refei\u00e7\u00f5es completas e em conta para os participantes; o habitual espa\u00e7o de <strong>tasquinhas<\/strong>, junto ao recinto principal. Volta tamb\u00e9m o <strong>Transfer Alqueva<\/strong> que este ano leva os participantes at\u00e9 \u00e0 praia fluvial da Amieira, durante a tarde!<\/p>\n<p align=\"justify\">\u00c0 pergunta <strong>\u201cporqu\u00ea no Campinho?\u201d<\/strong> a organiza\u00e7\u00e3o acredita que \u201cvir ao Andan\u00e7as n\u00e3o \u00e9 apenas desfrutar da programa\u00e7\u00e3o cultural e art\u00edstica, \u00e9 viver uma experi\u00eancia. Neste caso \u00e9 abra\u00e7ar o interior do Alentejo. Continuamos a acreditar que \u00e9 imprescind\u00edvel programar nestes territ\u00f3rios em isolamento social, cultural e econ\u00f3mico. Quem c\u00e1 vive tem o direito a usufruir deste tipo de eventos de grande dimens\u00e3o e revela-nos a import\u00e2ncia de receber o Andan\u00e7as na sua regi\u00e3o\u201d, diz Joana Ricardo, da P\u00e9deXumbo. Como uma aldeia global, onde os participantes s\u00e3o convidados a interagir e a partilhar, o festival d\u00e1 a oportunidade, a quem vem, de ser parte desse processo, n\u00e3o apenas atrav\u00e9s da programa\u00e7\u00e3o da qual v\u00eam usufruir, mas tamb\u00e9m atrav\u00e9s da partilha com esta comunidade e da experi\u00eancia das viv\u00eancias do lugar com as suas caracter\u00edsticas.<\/p>\n<p align=\"justify\">Com casa no Campinho, este ano o festival ter\u00e1 uma lota\u00e7\u00e3o de 1000 pessoas. \u201cSe est\u00e3o a planear as vossas f\u00e9rias de ver\u00e3o, escolham vir ao Andan\u00e7as, pois s\u00f3 regressa em 2027\u201d, diz Joana Ricardo. Os <strong>passes gerais<\/strong> ainda podem ser adquiridos com <strong>desconto at\u00e9 31 de julho<\/strong>, na bilheteira online, dispon\u00edvel no site do festival. Podem ainda ser adquiridos bilhetes di\u00e1rios para quem quer ir apenas um dia, ou um fim-de-semana.<\/p>\n<p align=\"justify\">E como chegar ao Andan\u00e7as? De <strong>carro, \u00e0 boleia, de bicicleta ou em transportes p\u00fablicos<\/strong>, a ideia \u00e9 escolher a forma de mobilidade menos poluente para chegar ao festival. Existem v\u00e1rios transferes de Reguengos de Monsaraz at\u00e9 Campinho, grupos organizados de boleias ou mesmo a 6a edi\u00e7\u00e3o do <strong>Pedalan\u00e7as<\/strong>, promovido pela <i>Cicloficina dos Anjos<\/i> e que leva participantes de Lisboa at\u00e9 ao Andan\u00e7as em bicicleta. Este ano, existe ainda uma nova parceria Andan\u00e7as, com o projeto <i><strong>Lisboa Poss\u00edvel<\/strong>, <\/i>que est\u00e1 tamb\u00e9m a organizar a chegada de bicicleta ao Campinho, numa viagem de um dia pela ecopista entre \u00c9vora e Reguengos de Monsaraz!<\/p>\n","protected":false},"excerpt":{"rendered":"<p>Est\u00e1 quase a\u00ed a pr\u00f3xima edi\u00e7\u00e3o do Festival Andan\u00e7as, de 14 a 17 de agosto, na aldeia de Campinho, concelho de Reguengos de Monsaraz. Organizado pela Associa\u00e7\u00e3o P\u00e9deXumbo, em parceria com a C\u00e2mara Municipal de Reguengos de Monsaraz e a Uni\u00e3o de Freguesias de Campo e Campinho, o festival volta a promover a m\u00fasica e <a href=\"https:\/\/www.andancas.net\/site\/2025\/06\/12\/ir-ao-andancas-e-a-experiencia-de-viver-no-alentejo-interior-durante-quatro-dias\/\" class=\"more-link\">&#8230;<span class=\"screen-reader-text\">  &#8220;Ir ao Andan\u00e7as \u00e9 a experi\u00eancia de viver no Alentejo interior durante quatro dias!\u201d<\/span><\/a><\/p>\n","protected":false},"author":1,"featured_media":9170,"comment_status":"closed","ping_status":"closed","sticky":false,"template":"","format":"standard","meta":{"_uf_show_specific_survey":0,"_uf_disable_surveys":false,"footnotes":""},"categories":[171,1],"tags":[],"class_list":["post-9163","post","type-post","status-publish","format-standard","has-post-thumbnail","hentry","category-andancas","category-sem-categoria"],"aioseo_notices":[],"aioseo_head":"\n\t\t<!-- All in One SEO 5.0.1 - aioseo.com -->\n\t<meta name=\"description\" content=\"Est\u00e1 quase a\u00ed a pr\u00f3xima edi\u00e7\u00e3o do Festival Andan\u00e7as, de 14 a 17 de agosto, na aldeia de Campinho, concelho de Reguengos de Monsaraz. Organizado pela Associa\u00e7\u00e3o P\u00e9deXumbo, em parceria com a C\u00e2mara Municipal de Reguengos de Monsaraz e a Uni\u00e3o de Freguesias de Campo e Campinho, o festival volta a promover a m\u00fasica e\" \/>\n\t<meta name=\"robots\" content=\"max-image-preview:large\" \/>\n\t<meta name=\"author\" content=\"SuperAdminAndancas\"\/>\n\t<link rel=\"canonical\" href=\"https:\/\/www.andancas.net\/site\/2025\/06\/12\/ir-ao-andancas-e-a-experiencia-de-viver-no-alentejo-interior-durante-quatro-dias\/\" \/>\n\t<meta name=\"generator\" content=\"All in One SEO (AIOSEO) 5.0.1\" \/>\n\t\t<meta property=\"og:locale\" content=\"pt_PT\" \/>\n\t\t<meta property=\"og:site_name\" content=\"Andan\u00e7as -\" \/>\n\t\t<meta property=\"og:type\" content=\"article\" \/>\n\t\t<meta property=\"og:title\" content=\"\u201cIr ao Andan\u00e7as \u00e9 a experi\u00eancia de viver no Alentejo interior durante quatro dias!\u201d - Andan\u00e7as\" \/>\n\t\t<meta property=\"og:description\" content=\"Est\u00e1 quase a\u00ed a pr\u00f3xima edi\u00e7\u00e3o do Festival Andan\u00e7as, de 14 a 17 de agosto, na aldeia de Campinho, concelho de Reguengos de Monsaraz. Organizado pela Associa\u00e7\u00e3o P\u00e9deXumbo, em parceria com a C\u00e2mara Municipal de Reguengos de Monsaraz e a Uni\u00e3o de Freguesias de Campo e Campinho, o festival volta a promover a m\u00fasica e\" \/>\n\t\t<meta property=\"og:url\" content=\"https:\/\/www.andancas.net\/site\/2025\/06\/12\/ir-ao-andancas-e-a-experiencia-de-viver-no-alentejo-interior-durante-quatro-dias\/\" \/>\n\t\t<meta property=\"article:published_time\" content=\"2025-06-12T15:07:25+00:00\" \/>\n\t\t<meta property=\"article:modified_time\" content=\"2025-06-12T15:13:35+00:00\" \/>\n\t\t<meta name=\"twitter:card\" content=\"summary_large_image\" \/>\n\t\t<meta name=\"twitter:title\" content=\"\u201cIr ao Andan\u00e7as \u00e9 a experi\u00eancia de viver no Alentejo interior durante quatro dias!\u201d - Andan\u00e7as\" \/>\n\t\t<meta name=\"twitter:description\" content=\"Est\u00e1 quase a\u00ed a pr\u00f3xima edi\u00e7\u00e3o do Festival Andan\u00e7as, de 14 a 17 de agosto, na aldeia de Campinho, concelho de Reguengos de Monsaraz. Organizado pela Associa\u00e7\u00e3o P\u00e9deXumbo, em parceria com a C\u00e2mara Municipal de Reguengos de Monsaraz e a Uni\u00e3o de Freguesias de Campo e Campinho, o festival volta a promover a m\u00fasica e\" \/>\n\t\t<script type=\"application\/ld+json\" class=\"aioseo-schema\">\n\t\t\t{\"@context\":\"https:\\\/\\\/schema.org\",\"@graph\":[{\"@type\":\"BlogPosting\",\"@id\":\"https:\\\/\\\/www.andancas.net\\\/site\\\/2025\\\/06\\\/12\\\/ir-ao-andancas-e-a-experiencia-de-viver-no-alentejo-interior-durante-quatro-dias\\\/#blogposting\",\"name\":\"\\u201cIr ao Andan\\u00e7as \\u00e9 a experi\\u00eancia de viver no Alentejo interior durante quatro dias!\\u201d - Andan\\u00e7as\",\"headline\":\"&#8220;Ir ao Andan\\u00e7as \\u00e9 a experi\\u00eancia de viver no Alentejo interior durante quatro dias!\\u201d\",\"author\":{\"@id\":\"https:\\\/\\\/www.andancas.net\\\/site\\\/author\\\/superadminandancas\\\/#author\"},\"publisher\":{\"@id\":\"https:\\\/\\\/www.andancas.net\\\/site\\\/#organization\"},\"image\":{\"@type\":\"ImageObject\",\"url\":\"https:\\\/\\\/www.andancas.net\\\/site\\\/wp-content\\\/uploads\\\/2025\\\/06\\\/MG_9169.jpg\",\"width\":1800,\"height\":1200},\"datePublished\":\"2025-06-12T15:07:25+00:00\",\"dateModified\":\"2025-06-12T15:13:35+00:00\",\"inLanguage\":\"pt-PT\",\"mainEntityOfPage\":{\"@id\":\"https:\\\/\\\/www.andancas.net\\\/site\\\/2025\\\/06\\\/12\\\/ir-ao-andancas-e-a-experiencia-de-viver-no-alentejo-interior-durante-quatro-dias\\\/#webpage\"},\"isPartOf\":{\"@id\":\"https:\\\/\\\/www.andancas.net\\\/site\\\/2025\\\/06\\\/12\\\/ir-ao-andancas-e-a-experiencia-de-viver-no-alentejo-interior-durante-quatro-dias\\\/#webpage\"},\"articleSection\":\"Andan\\u00e7as, Sem categoria, Portugu\\u00eas\"},{\"@type\":\"BreadcrumbList\",\"@id\":\"https:\\\/\\\/www.andancas.net\\\/site\\\/2025\\\/06\\\/12\\\/ir-ao-andancas-e-a-experiencia-de-viver-no-alentejo-interior-durante-quatro-dias\\\/#breadcrumblist\",\"itemListElement\":[{\"@type\":\"ListItem\",\"@id\":\"https:\\\/\\\/www.andancas.net\\\/site#listItem\",\"position\":1,\"name\":\"Home\",\"item\":\"https:\\\/\\\/www.andancas.net\\\/site\",\"nextItem\":{\"@type\":\"ListItem\",\"@id\":\"https:\\\/\\\/www.andancas.net\\\/site\\\/category\\\/sem-categoria\\\/#listItem\",\"name\":\"Sem categoria\"}},{\"@type\":\"ListItem\",\"@id\":\"https:\\\/\\\/www.andancas.net\\\/site\\\/category\\\/sem-categoria\\\/#listItem\",\"position\":2,\"name\":\"Sem categoria\",\"item\":\"https:\\\/\\\/www.andancas.net\\\/site\\\/category\\\/sem-categoria\\\/\",\"nextItem\":{\"@type\":\"ListItem\",\"@id\":\"https:\\\/\\\/www.andancas.net\\\/site\\\/2025\\\/06\\\/12\\\/ir-ao-andancas-e-a-experiencia-de-viver-no-alentejo-interior-durante-quatro-dias\\\/#listItem\",\"name\":\"&#8220;Ir ao Andan\\u00e7as \\u00e9 a experi\\u00eancia de viver no Alentejo interior durante quatro dias!\\u201d\"},\"previousItem\":{\"@type\":\"ListItem\",\"@id\":\"https:\\\/\\\/www.andancas.net\\\/site#listItem\",\"name\":\"Home\"}},{\"@type\":\"ListItem\",\"@id\":\"https:\\\/\\\/www.andancas.net\\\/site\\\/2025\\\/06\\\/12\\\/ir-ao-andancas-e-a-experiencia-de-viver-no-alentejo-interior-durante-quatro-dias\\\/#listItem\",\"position\":3,\"name\":\"&#8220;Ir ao Andan\\u00e7as \\u00e9 a experi\\u00eancia de viver no Alentejo interior durante quatro dias!\\u201d\",\"previousItem\":{\"@type\":\"ListItem\",\"@id\":\"https:\\\/\\\/www.andancas.net\\\/site\\\/category\\\/sem-categoria\\\/#listItem\",\"name\":\"Sem categoria\"}}]},{\"@type\":\"Organization\",\"@id\":\"https:\\\/\\\/www.andancas.net\\\/site\\\/#organization\",\"name\":\"Andan\\u00e7as\",\"url\":\"https:\\\/\\\/www.andancas.net\\\/site\\\/\"},{\"@type\":\"Person\",\"@id\":\"https:\\\/\\\/www.andancas.net\\\/site\\\/author\\\/superadminandancas\\\/#author\",\"url\":\"https:\\\/\\\/www.andancas.net\\\/site\\\/author\\\/superadminandancas\\\/\",\"name\":\"SuperAdminAndancas\",\"image\":{\"@type\":\"ImageObject\",\"@id\":\"https:\\\/\\\/www.andancas.net\\\/site\\\/2025\\\/06\\\/12\\\/ir-ao-andancas-e-a-experiencia-de-viver-no-alentejo-interior-durante-quatro-dias\\\/#authorImage\",\"url\":\"https:\\\/\\\/secure.gravatar.com\\\/avatar\\\/7c5df3e493df7c75d62c64f7f220d0afbc8179289d5d4e6329f5444fde1d842b?s=96&d=mm&r=g\",\"width\":96,\"height\":96,\"caption\":\"SuperAdminAndancas\"}},{\"@type\":\"WebPage\",\"@id\":\"https:\\\/\\\/www.andancas.net\\\/site\\\/2025\\\/06\\\/12\\\/ir-ao-andancas-e-a-experiencia-de-viver-no-alentejo-interior-durante-quatro-dias\\\/#webpage\",\"url\":\"https:\\\/\\\/www.andancas.net\\\/site\\\/2025\\\/06\\\/12\\\/ir-ao-andancas-e-a-experiencia-de-viver-no-alentejo-interior-durante-quatro-dias\\\/\",\"name\":\"\\u201cIr ao Andan\\u00e7as \\u00e9 a experi\\u00eancia de viver no Alentejo interior durante quatro dias!\\u201d - Andan\\u00e7as\",\"description\":\"Est\\u00e1 quase a\\u00ed a pr\\u00f3xima edi\\u00e7\\u00e3o do Festival Andan\\u00e7as, de 14 a 17 de agosto, na aldeia de Campinho, concelho de Reguengos de Monsaraz. Organizado pela Associa\\u00e7\\u00e3o P\\u00e9deXumbo, em parceria com a C\\u00e2mara Municipal de Reguengos de Monsaraz e a Uni\\u00e3o de Freguesias de Campo e Campinho, o festival volta a promover a m\\u00fasica e\",\"inLanguage\":\"pt-PT\",\"isPartOf\":{\"@id\":\"https:\\\/\\\/www.andancas.net\\\/site\\\/#website\"},\"breadcrumb\":{\"@id\":\"https:\\\/\\\/www.andancas.net\\\/site\\\/2025\\\/06\\\/12\\\/ir-ao-andancas-e-a-experiencia-de-viver-no-alentejo-interior-durante-quatro-dias\\\/#breadcrumblist\"},\"author\":{\"@id\":\"https:\\\/\\\/www.andancas.net\\\/site\\\/author\\\/superadminandancas\\\/#author\"},\"creator\":{\"@id\":\"https:\\\/\\\/www.andancas.net\\\/site\\\/author\\\/superadminandancas\\\/#author\"},\"image\":{\"@type\":\"ImageObject\",\"url\":\"https:\\\/\\\/www.andancas.net\\\/site\\\/wp-content\\\/uploads\\\/2025\\\/06\\\/MG_9169.jpg\",\"@id\":\"https:\\\/\\\/www.andancas.net\\\/site\\\/2025\\\/06\\\/12\\\/ir-ao-andancas-e-a-experiencia-de-viver-no-alentejo-interior-durante-quatro-dias\\\/#mainImage\",\"width\":1800,\"height\":1200},\"primaryImageOfPage\":{\"@id\":\"https:\\\/\\\/www.andancas.net\\\/site\\\/2025\\\/06\\\/12\\\/ir-ao-andancas-e-a-experiencia-de-viver-no-alentejo-interior-durante-quatro-dias\\\/#mainImage\"},\"datePublished\":\"2025-06-12T15:07:25+00:00\",\"dateModified\":\"2025-06-12T15:13:35+00:00\"},{\"@type\":\"WebSite\",\"@id\":\"https:\\\/\\\/www.andancas.net\\\/site\\\/#website\",\"url\":\"https:\\\/\\\/www.andancas.net\\\/site\\\/\",\"name\":\"Andan\\u00e7as\",\"inLanguage\":\"pt-PT\",\"publisher\":{\"@id\":\"https:\\\/\\\/www.andancas.net\\\/site\\\/#organization\"}}]}\n\t\t<\/script>\n\t\t<!-- All in One SEO -->\n\n","aioseo_head_json":{"title":"\u201cIr ao Andan\u00e7as \u00e9 a experi\u00eancia de viver no Alentejo interior durante quatro dias!\u201d - Andan\u00e7as","description":"Est\u00e1 quase a\u00ed a pr\u00f3xima edi\u00e7\u00e3o do Festival Andan\u00e7as, de 14 a 17 de agosto, na aldeia de Campinho, concelho de Reguengos de Monsaraz. Organizado pela Associa\u00e7\u00e3o P\u00e9deXumbo, em parceria com a C\u00e2mara Municipal de Reguengos de Monsaraz e a Uni\u00e3o de Freguesias de Campo e Campinho, o festival volta a promover a m\u00fasica e","canonical_url":"https:\/\/www.andancas.net\/site\/2025\/06\/12\/ir-ao-andancas-e-a-experiencia-de-viver-no-alentejo-interior-durante-quatro-dias\/","robots":"max-image-preview:large","keywords":"","webmasterTools":{"miscellaneous":""},"schema":{"@context":"https:\/\/schema.org","@graph":[{"@type":"BlogPosting","@id":"https:\/\/www.andancas.net\/site\/2025\/06\/12\/ir-ao-andancas-e-a-experiencia-de-viver-no-alentejo-interior-durante-quatro-dias\/#blogposting","name":"\u201cIr ao Andan\u00e7as \u00e9 a experi\u00eancia de viver no Alentejo interior durante quatro dias!\u201d - Andan\u00e7as","headline":"&#8220;Ir ao Andan\u00e7as \u00e9 a experi\u00eancia de viver no Alentejo interior durante quatro dias!\u201d","author":{"@id":"https:\/\/www.andancas.net\/site\/author\/superadminandancas\/#author"},"publisher":{"@id":"https:\/\/www.andancas.net\/site\/#organization"},"image":{"@type":"ImageObject","url":"https:\/\/www.andancas.net\/site\/wp-content\/uploads\/2025\/06\/MG_9169.jpg","width":1800,"height":1200},"datePublished":"2025-06-12T15:07:25+00:00","dateModified":"2025-06-12T15:13:35+00:00","inLanguage":"pt-PT","mainEntityOfPage":{"@id":"https:\/\/www.andancas.net\/site\/2025\/06\/12\/ir-ao-andancas-e-a-experiencia-de-viver-no-alentejo-interior-durante-quatro-dias\/#webpage"},"isPartOf":{"@id":"https:\/\/www.andancas.net\/site\/2025\/06\/12\/ir-ao-andancas-e-a-experiencia-de-viver-no-alentejo-interior-durante-quatro-dias\/#webpage"},"articleSection":"Andan\u00e7as, Sem categoria, Portugu\u00eas"},{"@type":"BreadcrumbList","@id":"https:\/\/www.andancas.net\/site\/2025\/06\/12\/ir-ao-andancas-e-a-experiencia-de-viver-no-alentejo-interior-durante-quatro-dias\/#breadcrumblist","itemListElement":[{"@type":"ListItem","@id":"https:\/\/www.andancas.net\/site#listItem","position":1,"name":"Home","item":"https:\/\/www.andancas.net\/site","nextItem":{"@type":"ListItem","@id":"https:\/\/www.andancas.net\/site\/category\/sem-categoria\/#listItem","name":"Sem categoria"}},{"@type":"ListItem","@id":"https:\/\/www.andancas.net\/site\/category\/sem-categoria\/#listItem","position":2,"name":"Sem categoria","item":"https:\/\/www.andancas.net\/site\/category\/sem-categoria\/","nextItem":{"@type":"ListItem","@id":"https:\/\/www.andancas.net\/site\/2025\/06\/12\/ir-ao-andancas-e-a-experiencia-de-viver-no-alentejo-interior-durante-quatro-dias\/#listItem","name":"&#8220;Ir ao Andan\u00e7as \u00e9 a experi\u00eancia de viver no Alentejo interior durante quatro dias!\u201d"},"previousItem":{"@type":"ListItem","@id":"https:\/\/www.andancas.net\/site#listItem","name":"Home"}},{"@type":"ListItem","@id":"https:\/\/www.andancas.net\/site\/2025\/06\/12\/ir-ao-andancas-e-a-experiencia-de-viver-no-alentejo-interior-durante-quatro-dias\/#listItem","position":3,"name":"&#8220;Ir ao Andan\u00e7as \u00e9 a experi\u00eancia de viver no Alentejo interior durante quatro dias!\u201d","previousItem":{"@type":"ListItem","@id":"https:\/\/www.andancas.net\/site\/category\/sem-categoria\/#listItem","name":"Sem categoria"}}]},{"@type":"Organization","@id":"https:\/\/www.andancas.net\/site\/#organization","name":"Andan\u00e7as","url":"https:\/\/www.andancas.net\/site\/"},{"@type":"Person","@id":"https:\/\/www.andancas.net\/site\/author\/superadminandancas\/#author","url":"https:\/\/www.andancas.net\/site\/author\/superadminandancas\/","name":"SuperAdminAndancas","image":{"@type":"ImageObject","@id":"https:\/\/www.andancas.net\/site\/2025\/06\/12\/ir-ao-andancas-e-a-experiencia-de-viver-no-alentejo-interior-durante-quatro-dias\/#authorImage","url":"https:\/\/secure.gravatar.com\/avatar\/7c5df3e493df7c75d62c64f7f220d0afbc8179289d5d4e6329f5444fde1d842b?s=96&d=mm&r=g","width":96,"height":96,"caption":"SuperAdminAndancas"}},{"@type":"WebPage","@id":"https:\/\/www.andancas.net\/site\/2025\/06\/12\/ir-ao-andancas-e-a-experiencia-de-viver-no-alentejo-interior-durante-quatro-dias\/#webpage","url":"https:\/\/www.andancas.net\/site\/2025\/06\/12\/ir-ao-andancas-e-a-experiencia-de-viver-no-alentejo-interior-durante-quatro-dias\/","name":"\u201cIr ao Andan\u00e7as \u00e9 a experi\u00eancia de viver no Alentejo interior durante quatro dias!\u201d - Andan\u00e7as","description":"Est\u00e1 quase a\u00ed a pr\u00f3xima edi\u00e7\u00e3o do Festival Andan\u00e7as, de 14 a 17 de agosto, na aldeia de Campinho, concelho de Reguengos de Monsaraz. Organizado pela Associa\u00e7\u00e3o P\u00e9deXumbo, em parceria com a C\u00e2mara Municipal de Reguengos de Monsaraz e a Uni\u00e3o de Freguesias de Campo e Campinho, o festival volta a promover a m\u00fasica e","inLanguage":"pt-PT","isPartOf":{"@id":"https:\/\/www.andancas.net\/site\/#website"},"breadcrumb":{"@id":"https:\/\/www.andancas.net\/site\/2025\/06\/12\/ir-ao-andancas-e-a-experiencia-de-viver-no-alentejo-interior-durante-quatro-dias\/#breadcrumblist"},"author":{"@id":"https:\/\/www.andancas.net\/site\/author\/superadminandancas\/#author"},"creator":{"@id":"https:\/\/www.andancas.net\/site\/author\/superadminandancas\/#author"},"image":{"@type":"ImageObject","url":"https:\/\/www.andancas.net\/site\/wp-content\/uploads\/2025\/06\/MG_9169.jpg","@id":"https:\/\/www.andancas.net\/site\/2025\/06\/12\/ir-ao-andancas-e-a-experiencia-de-viver-no-alentejo-interior-durante-quatro-dias\/#mainImage","width":1800,"height":1200},"primaryImageOfPage":{"@id":"https:\/\/www.andancas.net\/site\/2025\/06\/12\/ir-ao-andancas-e-a-experiencia-de-viver-no-alentejo-interior-durante-quatro-dias\/#mainImage"},"datePublished":"2025-06-12T15:07:25+00:00","dateModified":"2025-06-12T15:13:35+00:00"},{"@type":"WebSite","@id":"https:\/\/www.andancas.net\/site\/#website","url":"https:\/\/www.andancas.net\/site\/","name":"Andan\u00e7as","inLanguage":"pt-PT","publisher":{"@id":"https:\/\/www.andancas.net\/site\/#organization"}}]},"og:locale":"pt_PT","og:site_name":"Andan\u00e7as -","og:type":"article","og:title":"\u201cIr ao Andan\u00e7as \u00e9 a experi\u00eancia de viver no Alentejo interior durante quatro dias!\u201d - Andan\u00e7as","og:description":"Est\u00e1 quase a\u00ed a pr\u00f3xima edi\u00e7\u00e3o do Festival Andan\u00e7as, de 14 a 17 de agosto, na aldeia de Campinho, concelho de Reguengos de Monsaraz. Organizado pela Associa\u00e7\u00e3o P\u00e9deXumbo, em parceria com a C\u00e2mara Municipal de Reguengos de Monsaraz e a Uni\u00e3o de Freguesias de Campo e Campinho, o festival volta a promover a m\u00fasica e","og:url":"https:\/\/www.andancas.net\/site\/2025\/06\/12\/ir-ao-andancas-e-a-experiencia-de-viver-no-alentejo-interior-durante-quatro-dias\/","article:published_time":"2025-06-12T15:07:25+00:00","article:modified_time":"2025-06-12T15:13:35+00:00","twitter:card":"summary_large_image","twitter:title":"\u201cIr ao Andan\u00e7as \u00e9 a experi\u00eancia de viver no Alentejo interior durante quatro dias!\u201d - Andan\u00e7as","twitter:description":"Est\u00e1 quase a\u00ed a pr\u00f3xima edi\u00e7\u00e3o do Festival Andan\u00e7as, de 14 a 17 de agosto, na aldeia de Campinho, concelho de Reguengos de Monsaraz. Organizado pela Associa\u00e7\u00e3o P\u00e9deXumbo, em parceria com a C\u00e2mara Municipal de Reguengos de Monsaraz e a Uni\u00e3o de Freguesias de Campo e Campinho, o festival volta a promover a m\u00fasica e"},"aioseo_meta_data":[],"aioseo_breadcrumb":"<div class=\"aioseo-breadcrumbs\"><span class=\"aioseo-breadcrumb\">\n\t\t\t<a href=\"https:\/\/www.andancas.net\/site\" title=\"Home\">Home<\/a>\n\t\t<\/span><span class=\"aioseo-breadcrumb-separator\">&raquo;<\/span><span class=\"aioseo-breadcrumb\">\n\t\t\t<a href=\"https:\/\/www.andancas.net\/site\/category\/sem-categoria\/\" title=\"Sem categoria\">Sem categoria<\/a>\n\t\t<\/span><span class=\"aioseo-breadcrumb-separator\">&raquo;<\/span><span class=\"aioseo-breadcrumb\">\n\t\t\t\u201cIr ao Andan\u00e7as \u00e9 a experi\u00eancia de viver no Alentejo interior durante quatro dias!\u201d\n\t\t<\/span><\/div>","aioseo_breadcrumb_json":[{"label":"Home","link":"https:\/\/www.andancas.net\/site"},{"label":"Sem categoria","link":"https:\/\/www.andancas.net\/site\/category\/sem-categoria\/"},{"label":"&#8220;Ir ao Andan\u00e7as \u00e9 a experi\u00eancia de viver no Alentejo interior durante quatro dias!\u201d","link":"https:\/\/www.andancas.net\/site\/2025\/06\/12\/ir-ao-andancas-e-a-experiencia-de-viver-no-alentejo-interior-durante-quatro-dias\/"}],"_links":{"self":[{"href":"https:\/\/www.andancas.net\/site\/wp-json\/wp\/v2\/posts\/9163","targetHints":{"allow":["GET"]}}],"collection":[{"href":"https:\/\/www.andancas.net\/site\/wp-json\/wp\/v2\/posts"}],"about":[{"href":"https:\/\/www.andancas.net\/site\/wp-json\/wp\/v2\/types\/post"}],"author":[{"embeddable":true,"href":"https:\/\/www.andancas.net\/site\/wp-json\/wp\/v2\/users\/1"}],"replies":[{"embeddable":true,"href":"https:\/\/www.andancas.net\/site\/wp-json\/wp\/v2\/comments?post=9163"}],"version-history":[{"count":0,"href":"https:\/\/www.andancas.net\/site\/wp-json\/wp\/v2\/posts\/9163\/revisions"}],"wp:featuredmedia":[{"embeddable":true,"href":"https:\/\/www.andancas.net\/site\/wp-json\/wp\/v2\/media\/9170"}],"wp:attachment":[{"href":"https:\/\/www.andancas.net\/site\/wp-json\/wp\/v2\/media?parent=9163"}],"wp:term":[{"taxonomy":"category","embeddable":true,"href":"https:\/\/www.andancas.net\/site\/wp-json\/wp\/v2\/categories?post=9163"},{"taxonomy":"post_tag","embeddable":true,"href":"https:\/\/www.andancas.net\/site\/wp-json\/wp\/v2\/tags?post=9163"}],"curies":[{"name":"wp","href":"https:\/\/api.w.org\/{rel}","templated":true}]}}