{"id":9143,"date":"2025-06-02T15:25:43","date_gmt":"2025-06-02T15:25:43","guid":{"rendered":"https:\/\/www.andancas.net\/site\/?p=9143"},"modified":"2025-06-02T15:25:43","modified_gmt":"2025-06-02T15:25:43","slug":"esta-ja-disponivel-a-3a-e-ultima-fase-de-desconto-na-compra-do-passe-geral-para-o-festival-andancas","status":"publish","type":"post","link":"https:\/\/www.andancas.net\/site\/2025\/06\/02\/esta-ja-disponivel-a-3a-e-ultima-fase-de-desconto-na-compra-do-passe-geral-para-o-festival-andancas\/","title":{"rendered":"Est\u00e1 j\u00e1 dispon\u00edvel a 3\u00aa e \u00faltima fase de desconto na compra do Passe Geral para o Festival Andan\u00e7as."},"content":{"rendered":"<p>De 1 de Junho a 31 de Julho, est\u00e1\u00a0 dispon\u00edvel a 3\u00aa e \u00faltima fase de desconto na bilheteira online do Festival Andan\u00e7as, para aquisi\u00e7\u00e3o do Passe Geral a pre\u00e7o reduzido.<\/p>\n<p>Compra de bilhetes em <a href=\"https:\/\/www.andancas.net\/site\/bilheteira\/\">andancas.net\/site\/bilheteira<\/a><\/p>\n","protected":false},"excerpt":{"rendered":"<p>De 1 de Junho a 31 de Julho, est\u00e1\u00a0 dispon\u00edvel a 3\u00aa e \u00faltima fase de desconto na bilheteira online do Festival Andan\u00e7as, para aquisi\u00e7\u00e3o do Passe Geral a pre\u00e7o reduzido. Compra de bilhetes em andancas.net\/site\/bilheteira<\/p>\n","protected":false},"author":1,"featured_media":9144,"comment_status":"closed","ping_status":"closed","sticky":false,"template":"","format":"standard","meta":{"_uf_show_specific_survey":0,"_uf_disable_surveys":false,"footnotes":""},"categories":[1],"tags":[],"class_list":["post-9143","post","type-post","status-publish","format-standard","has-post-thumbnail","hentry","category-sem-categoria"],"aioseo_notices":[],"aioseo_head":"\n\t\t<!-- All in One SEO 5.0.1 - aioseo.com -->\n\t<meta name=\"description\" content=\"De 1 de Junho a 31 de Julho, est\u00e1 dispon\u00edvel a 3\u00aa e \u00faltima fase de desconto na bilheteira online do Festival Andan\u00e7as, para aquisi\u00e7\u00e3o do Passe Geral a pre\u00e7o reduzido. Compra de bilhetes em andancas.net\/site\/bilheteira\" \/>\n\t<meta name=\"robots\" content=\"max-image-preview:large\" \/>\n\t<meta name=\"author\" content=\"SuperAdminAndancas\"\/>\n\t<link rel=\"canonical\" href=\"https:\/\/www.andancas.net\/site\/2025\/06\/02\/esta-ja-disponivel-a-3a-e-ultima-fase-de-desconto-na-compra-do-passe-geral-para-o-festival-andancas\/\" \/>\n\t<meta name=\"generator\" content=\"All in One SEO (AIOSEO) 5.0.1\" \/>\n\t\t<meta property=\"og:locale\" content=\"pt_PT\" \/>\n\t\t<meta property=\"og:site_name\" content=\"Andan\u00e7as -\" \/>\n\t\t<meta property=\"og:type\" content=\"article\" \/>\n\t\t<meta property=\"og:title\" content=\"Est\u00e1 j\u00e1 dispon\u00edvel a 3\u00aa e \u00faltima fase de desconto na compra do Passe Geral para o Festival Andan\u00e7as. - Andan\u00e7as\" \/>\n\t\t<meta property=\"og:description\" content=\"De 1 de Junho a 31 de Julho, est\u00e1 dispon\u00edvel a 3\u00aa e \u00faltima fase de desconto na bilheteira online do Festival Andan\u00e7as, para aquisi\u00e7\u00e3o do Passe Geral a pre\u00e7o reduzido. Compra de bilhetes em andancas.net\/site\/bilheteira\" \/>\n\t\t<meta property=\"og:url\" content=\"https:\/\/www.andancas.net\/site\/2025\/06\/02\/esta-ja-disponivel-a-3a-e-ultima-fase-de-desconto-na-compra-do-passe-geral-para-o-festival-andancas\/\" \/>\n\t\t<meta property=\"article:published_time\" content=\"2025-06-02T15:25:43+00:00\" \/>\n\t\t<meta property=\"article:modified_time\" content=\"2025-06-02T15:25:43+00:00\" \/>\n\t\t<meta name=\"twitter:card\" content=\"summary_large_image\" \/>\n\t\t<meta name=\"twitter:title\" content=\"Est\u00e1 j\u00e1 dispon\u00edvel a 3\u00aa e \u00faltima fase de desconto na compra do Passe Geral para o Festival Andan\u00e7as. - Andan\u00e7as\" \/>\n\t\t<meta name=\"twitter:description\" content=\"De 1 de Junho a 31 de Julho, est\u00e1 dispon\u00edvel a 3\u00aa e \u00faltima fase de desconto na bilheteira online do Festival Andan\u00e7as, para aquisi\u00e7\u00e3o do Passe Geral a pre\u00e7o reduzido. Compra de bilhetes em andancas.net\/site\/bilheteira\" \/>\n\t\t<script type=\"application\/ld+json\" class=\"aioseo-schema\">\n\t\t\t{\"@context\":\"https:\\\/\\\/schema.org\",\"@graph\":[{\"@type\":\"BlogPosting\",\"@id\":\"https:\\\/\\\/www.andancas.net\\\/site\\\/2025\\\/06\\\/02\\\/esta-ja-disponivel-a-3a-e-ultima-fase-de-desconto-na-compra-do-passe-geral-para-o-festival-andancas\\\/#blogposting\",\"name\":\"Est\\u00e1 j\\u00e1 dispon\\u00edvel a 3\\u00aa e \\u00faltima fase de desconto na compra do Passe Geral para o Festival Andan\\u00e7as. - Andan\\u00e7as\",\"headline\":\"Est\\u00e1 j\\u00e1 dispon\\u00edvel a 3\\u00aa e \\u00faltima fase de desconto na compra do Passe Geral para o Festival Andan\\u00e7as.\",\"author\":{\"@id\":\"https:\\\/\\\/www.andancas.net\\\/site\\\/author\\\/superadminandancas\\\/#author\"},\"publisher\":{\"@id\":\"https:\\\/\\\/www.andancas.net\\\/site\\\/#organization\"},\"image\":{\"@type\":\"ImageObject\",\"url\":\"https:\\\/\\\/www.andancas.net\\\/site\\\/wp-content\\\/uploads\\\/2025\\\/06\\\/MG_5693.jpg\",\"width\":1800,\"height\":1200},\"datePublished\":\"2025-06-02T15:25:43+00:00\",\"dateModified\":\"2025-06-02T15:25:43+00:00\",\"inLanguage\":\"pt-PT\",\"mainEntityOfPage\":{\"@id\":\"https:\\\/\\\/www.andancas.net\\\/site\\\/2025\\\/06\\\/02\\\/esta-ja-disponivel-a-3a-e-ultima-fase-de-desconto-na-compra-do-passe-geral-para-o-festival-andancas\\\/#webpage\"},\"isPartOf\":{\"@id\":\"https:\\\/\\\/www.andancas.net\\\/site\\\/2025\\\/06\\\/02\\\/esta-ja-disponivel-a-3a-e-ultima-fase-de-desconto-na-compra-do-passe-geral-para-o-festival-andancas\\\/#webpage\"},\"articleSection\":\"Sem categoria, Portugu\\u00eas\"},{\"@type\":\"BreadcrumbList\",\"@id\":\"https:\\\/\\\/www.andancas.net\\\/site\\\/2025\\\/06\\\/02\\\/esta-ja-disponivel-a-3a-e-ultima-fase-de-desconto-na-compra-do-passe-geral-para-o-festival-andancas\\\/#breadcrumblist\",\"itemListElement\":[{\"@type\":\"ListItem\",\"@id\":\"https:\\\/\\\/www.andancas.net\\\/site#listItem\",\"position\":1,\"name\":\"Home\",\"item\":\"https:\\\/\\\/www.andancas.net\\\/site\",\"nextItem\":{\"@type\":\"ListItem\",\"@id\":\"https:\\\/\\\/www.andancas.net\\\/site\\\/category\\\/sem-categoria\\\/#listItem\",\"name\":\"Sem categoria\"}},{\"@type\":\"ListItem\",\"@id\":\"https:\\\/\\\/www.andancas.net\\\/site\\\/category\\\/sem-categoria\\\/#listItem\",\"position\":2,\"name\":\"Sem categoria\",\"item\":\"https:\\\/\\\/www.andancas.net\\\/site\\\/category\\\/sem-categoria\\\/\",\"nextItem\":{\"@type\":\"ListItem\",\"@id\":\"https:\\\/\\\/www.andancas.net\\\/site\\\/2025\\\/06\\\/02\\\/esta-ja-disponivel-a-3a-e-ultima-fase-de-desconto-na-compra-do-passe-geral-para-o-festival-andancas\\\/#listItem\",\"name\":\"Est\\u00e1 j\\u00e1 dispon\\u00edvel a 3\\u00aa e \\u00faltima fase de desconto na compra do Passe Geral para o Festival Andan\\u00e7as.\"},\"previousItem\":{\"@type\":\"ListItem\",\"@id\":\"https:\\\/\\\/www.andancas.net\\\/site#listItem\",\"name\":\"Home\"}},{\"@type\":\"ListItem\",\"@id\":\"https:\\\/\\\/www.andancas.net\\\/site\\\/2025\\\/06\\\/02\\\/esta-ja-disponivel-a-3a-e-ultima-fase-de-desconto-na-compra-do-passe-geral-para-o-festival-andancas\\\/#listItem\",\"position\":3,\"name\":\"Est\\u00e1 j\\u00e1 dispon\\u00edvel a 3\\u00aa e \\u00faltima fase de desconto na compra do Passe Geral para o Festival Andan\\u00e7as.\",\"previousItem\":{\"@type\":\"ListItem\",\"@id\":\"https:\\\/\\\/www.andancas.net\\\/site\\\/category\\\/sem-categoria\\\/#listItem\",\"name\":\"Sem categoria\"}}]},{\"@type\":\"Organization\",\"@id\":\"https:\\\/\\\/www.andancas.net\\\/site\\\/#organization\",\"name\":\"Andan\\u00e7as\",\"url\":\"https:\\\/\\\/www.andancas.net\\\/site\\\/\"},{\"@type\":\"Person\",\"@id\":\"https:\\\/\\\/www.andancas.net\\\/site\\\/author\\\/superadminandancas\\\/#author\",\"url\":\"https:\\\/\\\/www.andancas.net\\\/site\\\/author\\\/superadminandancas\\\/\",\"name\":\"SuperAdminAndancas\",\"image\":{\"@type\":\"ImageObject\",\"@id\":\"https:\\\/\\\/www.andancas.net\\\/site\\\/2025\\\/06\\\/02\\\/esta-ja-disponivel-a-3a-e-ultima-fase-de-desconto-na-compra-do-passe-geral-para-o-festival-andancas\\\/#authorImage\",\"url\":\"https:\\\/\\\/secure.gravatar.com\\\/avatar\\\/7c5df3e493df7c75d62c64f7f220d0afbc8179289d5d4e6329f5444fde1d842b?s=96&d=mm&r=g\",\"width\":96,\"height\":96,\"caption\":\"SuperAdminAndancas\"}},{\"@type\":\"WebPage\",\"@id\":\"https:\\\/\\\/www.andancas.net\\\/site\\\/2025\\\/06\\\/02\\\/esta-ja-disponivel-a-3a-e-ultima-fase-de-desconto-na-compra-do-passe-geral-para-o-festival-andancas\\\/#webpage\",\"url\":\"https:\\\/\\\/www.andancas.net\\\/site\\\/2025\\\/06\\\/02\\\/esta-ja-disponivel-a-3a-e-ultima-fase-de-desconto-na-compra-do-passe-geral-para-o-festival-andancas\\\/\",\"name\":\"Est\\u00e1 j\\u00e1 dispon\\u00edvel a 3\\u00aa e \\u00faltima fase de desconto na compra do Passe Geral para o Festival Andan\\u00e7as. - Andan\\u00e7as\",\"description\":\"De 1 de Junho a 31 de Julho, est\\u00e1 dispon\\u00edvel a 3\\u00aa e \\u00faltima fase de desconto na bilheteira online do Festival Andan\\u00e7as, para aquisi\\u00e7\\u00e3o do Passe Geral a pre\\u00e7o reduzido. Compra de bilhetes em andancas.net\\\/site\\\/bilheteira\",\"inLanguage\":\"pt-PT\",\"isPartOf\":{\"@id\":\"https:\\\/\\\/www.andancas.net\\\/site\\\/#website\"},\"breadcrumb\":{\"@id\":\"https:\\\/\\\/www.andancas.net\\\/site\\\/2025\\\/06\\\/02\\\/esta-ja-disponivel-a-3a-e-ultima-fase-de-desconto-na-compra-do-passe-geral-para-o-festival-andancas\\\/#breadcrumblist\"},\"author\":{\"@id\":\"https:\\\/\\\/www.andancas.net\\\/site\\\/author\\\/superadminandancas\\\/#author\"},\"creator\":{\"@id\":\"https:\\\/\\\/www.andancas.net\\\/site\\\/author\\\/superadminandancas\\\/#author\"},\"image\":{\"@type\":\"ImageObject\",\"url\":\"https:\\\/\\\/www.andancas.net\\\/site\\\/wp-content\\\/uploads\\\/2025\\\/06\\\/MG_5693.jpg\",\"@id\":\"https:\\\/\\\/www.andancas.net\\\/site\\\/2025\\\/06\\\/02\\\/esta-ja-disponivel-a-3a-e-ultima-fase-de-desconto-na-compra-do-passe-geral-para-o-festival-andancas\\\/#mainImage\",\"width\":1800,\"height\":1200},\"primaryImageOfPage\":{\"@id\":\"https:\\\/\\\/www.andancas.net\\\/site\\\/2025\\\/06\\\/02\\\/esta-ja-disponivel-a-3a-e-ultima-fase-de-desconto-na-compra-do-passe-geral-para-o-festival-andancas\\\/#mainImage\"},\"datePublished\":\"2025-06-02T15:25:43+00:00\",\"dateModified\":\"2025-06-02T15:25:43+00:00\"},{\"@type\":\"WebSite\",\"@id\":\"https:\\\/\\\/www.andancas.net\\\/site\\\/#website\",\"url\":\"https:\\\/\\\/www.andancas.net\\\/site\\\/\",\"name\":\"Andan\\u00e7as\",\"inLanguage\":\"pt-PT\",\"publisher\":{\"@id\":\"https:\\\/\\\/www.andancas.net\\\/site\\\/#organization\"}}]}\n\t\t<\/script>\n\t\t<!-- All in One SEO -->\n\n","aioseo_head_json":{"title":"Est\u00e1 j\u00e1 dispon\u00edvel a 3\u00aa e \u00faltima fase de desconto na compra do Passe Geral para o Festival Andan\u00e7as. - Andan\u00e7as","description":"De 1 de Junho a 31 de Julho, est\u00e1 dispon\u00edvel a 3\u00aa e \u00faltima fase de desconto na bilheteira online do Festival Andan\u00e7as, para aquisi\u00e7\u00e3o do Passe Geral a pre\u00e7o reduzido. Compra de bilhetes em andancas.net\/site\/bilheteira","canonical_url":"https:\/\/www.andancas.net\/site\/2025\/06\/02\/esta-ja-disponivel-a-3a-e-ultima-fase-de-desconto-na-compra-do-passe-geral-para-o-festival-andancas\/","robots":"max-image-preview:large","keywords":"","webmasterTools":{"miscellaneous":""},"schema":{"@context":"https:\/\/schema.org","@graph":[{"@type":"BlogPosting","@id":"https:\/\/www.andancas.net\/site\/2025\/06\/02\/esta-ja-disponivel-a-3a-e-ultima-fase-de-desconto-na-compra-do-passe-geral-para-o-festival-andancas\/#blogposting","name":"Est\u00e1 j\u00e1 dispon\u00edvel a 3\u00aa e \u00faltima fase de desconto na compra do Passe Geral para o Festival Andan\u00e7as. - Andan\u00e7as","headline":"Est\u00e1 j\u00e1 dispon\u00edvel a 3\u00aa e \u00faltima fase de desconto na compra do Passe Geral para o Festival Andan\u00e7as.","author":{"@id":"https:\/\/www.andancas.net\/site\/author\/superadminandancas\/#author"},"publisher":{"@id":"https:\/\/www.andancas.net\/site\/#organization"},"image":{"@type":"ImageObject","url":"https:\/\/www.andancas.net\/site\/wp-content\/uploads\/2025\/06\/MG_5693.jpg","width":1800,"height":1200},"datePublished":"2025-06-02T15:25:43+00:00","dateModified":"2025-06-02T15:25:43+00:00","inLanguage":"pt-PT","mainEntityOfPage":{"@id":"https:\/\/www.andancas.net\/site\/2025\/06\/02\/esta-ja-disponivel-a-3a-e-ultima-fase-de-desconto-na-compra-do-passe-geral-para-o-festival-andancas\/#webpage"},"isPartOf":{"@id":"https:\/\/www.andancas.net\/site\/2025\/06\/02\/esta-ja-disponivel-a-3a-e-ultima-fase-de-desconto-na-compra-do-passe-geral-para-o-festival-andancas\/#webpage"},"articleSection":"Sem categoria, Portugu\u00eas"},{"@type":"BreadcrumbList","@id":"https:\/\/www.andancas.net\/site\/2025\/06\/02\/esta-ja-disponivel-a-3a-e-ultima-fase-de-desconto-na-compra-do-passe-geral-para-o-festival-andancas\/#breadcrumblist","itemListElement":[{"@type":"ListItem","@id":"https:\/\/www.andancas.net\/site#listItem","position":1,"name":"Home","item":"https:\/\/www.andancas.net\/site","nextItem":{"@type":"ListItem","@id":"https:\/\/www.andancas.net\/site\/category\/sem-categoria\/#listItem","name":"Sem categoria"}},{"@type":"ListItem","@id":"https:\/\/www.andancas.net\/site\/category\/sem-categoria\/#listItem","position":2,"name":"Sem categoria","item":"https:\/\/www.andancas.net\/site\/category\/sem-categoria\/","nextItem":{"@type":"ListItem","@id":"https:\/\/www.andancas.net\/site\/2025\/06\/02\/esta-ja-disponivel-a-3a-e-ultima-fase-de-desconto-na-compra-do-passe-geral-para-o-festival-andancas\/#listItem","name":"Est\u00e1 j\u00e1 dispon\u00edvel a 3\u00aa e \u00faltima fase de desconto na compra do Passe Geral para o Festival Andan\u00e7as."},"previousItem":{"@type":"ListItem","@id":"https:\/\/www.andancas.net\/site#listItem","name":"Home"}},{"@type":"ListItem","@id":"https:\/\/www.andancas.net\/site\/2025\/06\/02\/esta-ja-disponivel-a-3a-e-ultima-fase-de-desconto-na-compra-do-passe-geral-para-o-festival-andancas\/#listItem","position":3,"name":"Est\u00e1 j\u00e1 dispon\u00edvel a 3\u00aa e \u00faltima fase de desconto na compra do Passe Geral para o Festival Andan\u00e7as.","previousItem":{"@type":"ListItem","@id":"https:\/\/www.andancas.net\/site\/category\/sem-categoria\/#listItem","name":"Sem categoria"}}]},{"@type":"Organization","@id":"https:\/\/www.andancas.net\/site\/#organization","name":"Andan\u00e7as","url":"https:\/\/www.andancas.net\/site\/"},{"@type":"Person","@id":"https:\/\/www.andancas.net\/site\/author\/superadminandancas\/#author","url":"https:\/\/www.andancas.net\/site\/author\/superadminandancas\/","name":"SuperAdminAndancas","image":{"@type":"ImageObject","@id":"https:\/\/www.andancas.net\/site\/2025\/06\/02\/esta-ja-disponivel-a-3a-e-ultima-fase-de-desconto-na-compra-do-passe-geral-para-o-festival-andancas\/#authorImage","url":"https:\/\/secure.gravatar.com\/avatar\/7c5df3e493df7c75d62c64f7f220d0afbc8179289d5d4e6329f5444fde1d842b?s=96&d=mm&r=g","width":96,"height":96,"caption":"SuperAdminAndancas"}},{"@type":"WebPage","@id":"https:\/\/www.andancas.net\/site\/2025\/06\/02\/esta-ja-disponivel-a-3a-e-ultima-fase-de-desconto-na-compra-do-passe-geral-para-o-festival-andancas\/#webpage","url":"https:\/\/www.andancas.net\/site\/2025\/06\/02\/esta-ja-disponivel-a-3a-e-ultima-fase-de-desconto-na-compra-do-passe-geral-para-o-festival-andancas\/","name":"Est\u00e1 j\u00e1 dispon\u00edvel a 3\u00aa e \u00faltima fase de desconto na compra do Passe Geral para o Festival Andan\u00e7as. - Andan\u00e7as","description":"De 1 de Junho a 31 de Julho, est\u00e1 dispon\u00edvel a 3\u00aa e \u00faltima fase de desconto na bilheteira online do Festival Andan\u00e7as, para aquisi\u00e7\u00e3o do Passe Geral a pre\u00e7o reduzido. Compra de bilhetes em andancas.net\/site\/bilheteira","inLanguage":"pt-PT","isPartOf":{"@id":"https:\/\/www.andancas.net\/site\/#website"},"breadcrumb":{"@id":"https:\/\/www.andancas.net\/site\/2025\/06\/02\/esta-ja-disponivel-a-3a-e-ultima-fase-de-desconto-na-compra-do-passe-geral-para-o-festival-andancas\/#breadcrumblist"},"author":{"@id":"https:\/\/www.andancas.net\/site\/author\/superadminandancas\/#author"},"creator":{"@id":"https:\/\/www.andancas.net\/site\/author\/superadminandancas\/#author"},"image":{"@type":"ImageObject","url":"https:\/\/www.andancas.net\/site\/wp-content\/uploads\/2025\/06\/MG_5693.jpg","@id":"https:\/\/www.andancas.net\/site\/2025\/06\/02\/esta-ja-disponivel-a-3a-e-ultima-fase-de-desconto-na-compra-do-passe-geral-para-o-festival-andancas\/#mainImage","width":1800,"height":1200},"primaryImageOfPage":{"@id":"https:\/\/www.andancas.net\/site\/2025\/06\/02\/esta-ja-disponivel-a-3a-e-ultima-fase-de-desconto-na-compra-do-passe-geral-para-o-festival-andancas\/#mainImage"},"datePublished":"2025-06-02T15:25:43+00:00","dateModified":"2025-06-02T15:25:43+00:00"},{"@type":"WebSite","@id":"https:\/\/www.andancas.net\/site\/#website","url":"https:\/\/www.andancas.net\/site\/","name":"Andan\u00e7as","inLanguage":"pt-PT","publisher":{"@id":"https:\/\/www.andancas.net\/site\/#organization"}}]},"og:locale":"pt_PT","og:site_name":"Andan\u00e7as -","og:type":"article","og:title":"Est\u00e1 j\u00e1 dispon\u00edvel a 3\u00aa e \u00faltima fase de desconto na compra do Passe Geral para o Festival Andan\u00e7as. - Andan\u00e7as","og:description":"De 1 de Junho a 31 de Julho, est\u00e1 dispon\u00edvel a 3\u00aa e \u00faltima fase de desconto na bilheteira online do Festival Andan\u00e7as, para aquisi\u00e7\u00e3o do Passe Geral a pre\u00e7o reduzido. Compra de bilhetes em andancas.net\/site\/bilheteira","og:url":"https:\/\/www.andancas.net\/site\/2025\/06\/02\/esta-ja-disponivel-a-3a-e-ultima-fase-de-desconto-na-compra-do-passe-geral-para-o-festival-andancas\/","article:published_time":"2025-06-02T15:25:43+00:00","article:modified_time":"2025-06-02T15:25:43+00:00","twitter:card":"summary_large_image","twitter:title":"Est\u00e1 j\u00e1 dispon\u00edvel a 3\u00aa e \u00faltima fase de desconto na compra do Passe Geral para o Festival Andan\u00e7as. - Andan\u00e7as","twitter:description":"De 1 de Junho a 31 de Julho, est\u00e1 dispon\u00edvel a 3\u00aa e \u00faltima fase de desconto na bilheteira online do Festival Andan\u00e7as, para aquisi\u00e7\u00e3o do Passe Geral a pre\u00e7o reduzido. Compra de bilhetes em andancas.net\/site\/bilheteira"},"aioseo_meta_data":[],"aioseo_breadcrumb":"<div class=\"aioseo-breadcrumbs\"><span class=\"aioseo-breadcrumb\">\n\t\t\t<a href=\"https:\/\/www.andancas.net\/site\" title=\"Home\">Home<\/a>\n\t\t<\/span><span class=\"aioseo-breadcrumb-separator\">&raquo;<\/span><span class=\"aioseo-breadcrumb\">\n\t\t\t<a href=\"https:\/\/www.andancas.net\/site\/category\/sem-categoria\/\" title=\"Sem categoria\">Sem categoria<\/a>\n\t\t<\/span><span class=\"aioseo-breadcrumb-separator\">&raquo;<\/span><span class=\"aioseo-breadcrumb\">\n\t\t\tEst\u00e1 j\u00e1 dispon\u00edvel a 3\u00aa e \u00faltima fase de desconto na compra do Passe Geral para o Festival Andan\u00e7as.\n\t\t<\/span><\/div>","aioseo_breadcrumb_json":[{"label":"Home","link":"https:\/\/www.andancas.net\/site"},{"label":"Sem categoria","link":"https:\/\/www.andancas.net\/site\/category\/sem-categoria\/"},{"label":"Est\u00e1 j\u00e1 dispon\u00edvel a 3\u00aa e \u00faltima fase de desconto na compra do Passe Geral para o Festival Andan\u00e7as.","link":"https:\/\/www.andancas.net\/site\/2025\/06\/02\/esta-ja-disponivel-a-3a-e-ultima-fase-de-desconto-na-compra-do-passe-geral-para-o-festival-andancas\/"}],"_links":{"self":[{"href":"https:\/\/www.andancas.net\/site\/wp-json\/wp\/v2\/posts\/9143","targetHints":{"allow":["GET"]}}],"collection":[{"href":"https:\/\/www.andancas.net\/site\/wp-json\/wp\/v2\/posts"}],"about":[{"href":"https:\/\/www.andancas.net\/site\/wp-json\/wp\/v2\/types\/post"}],"author":[{"embeddable":true,"href":"https:\/\/www.andancas.net\/site\/wp-json\/wp\/v2\/users\/1"}],"replies":[{"embeddable":true,"href":"https:\/\/www.andancas.net\/site\/wp-json\/wp\/v2\/comments?post=9143"}],"version-history":[{"count":0,"href":"https:\/\/www.andancas.net\/site\/wp-json\/wp\/v2\/posts\/9143\/revisions"}],"wp:featuredmedia":[{"embeddable":true,"href":"https:\/\/www.andancas.net\/site\/wp-json\/wp\/v2\/media\/9144"}],"wp:attachment":[{"href":"https:\/\/www.andancas.net\/site\/wp-json\/wp\/v2\/media?parent=9143"}],"wp:term":[{"taxonomy":"category","embeddable":true,"href":"https:\/\/www.andancas.net\/site\/wp-json\/wp\/v2\/categories?post=9143"},{"taxonomy":"post_tag","embeddable":true,"href":"https:\/\/www.andancas.net\/site\/wp-json\/wp\/v2\/tags?post=9143"}],"curies":[{"name":"wp","href":"https:\/\/api.w.org\/{rel}","templated":true}]}}