{"id":9121,"date":"2025-05-19T15:25:58","date_gmt":"2025-05-19T15:25:58","guid":{"rendered":"https:\/\/www.andancas.net\/site\/?p=9121"},"modified":"2025-05-19T15:25:58","modified_gmt":"2025-05-19T15:25:58","slug":"as-candidaturas-ao-voluntariado-do-andancas-abrem-de-1-a-10-de-junho-para-as-varias-areas-do-festival","status":"publish","type":"post","link":"https:\/\/www.andancas.net\/site\/2025\/05\/19\/as-candidaturas-ao-voluntariado-do-andancas-abrem-de-1-a-10-de-junho-para-as-varias-areas-do-festival\/","title":{"rendered":"As candidaturas ao voluntariado do Andan\u00e7as abrem de 1 a 10 de junho para as v\u00e1rias \u00e1reas do festival!"},"content":{"rendered":"<p>O Andan\u00e7as \u00e9 o maior festival de dan\u00e7as tradicionais da Pen\u00ednsula Ib\u00e9rica. O tempo e o esfor\u00e7o investidos em todas as \u00e1reas do voluntariado s\u00e3o vitais para garantir a continuidade do festival e o cumprimento dos compromissos por este assumidos com os participantes, artistas e monitores, com os parceiros, a comunidade local e com todos os que contribuem de forma direta ou indireta para o seu sucesso.<\/p>\n<p>Agradecemos a todas as pessoas que anualmente se disponibilizam para integrar o programa de voluntariado do Andan\u00e7as e assumem connosco o compromisso de cumprir e fazer cumprir os princ\u00edpios e linhas orientadoras que regulam o trabalho da Associa\u00e7\u00e3o P\u00e9deXumbo.<\/p>\n<p>Todos os anos s\u00e3o muit@s @s candidat@s que se prop\u00f5em para o voluntariado no Andan\u00e7as. @s que s\u00e3o selecionad@s d\u00e3o corpo a uma equipa que coloca o festival de p\u00e9. O ambiente \u00edmpar do festival deve-se, em grande parte, a esta for\u00e7a humana que o faz acontecer: os volunt\u00e1rios!<\/p>\n<p>Da cantina onde se entregam ou lavam pratos, ao campismo ou mesmo aos palcos, o ambiente de alegria e coopera\u00e7\u00e3o destes prestadores de servi\u00e7os especiais \u00e9 contagiante. H\u00e1 um problema? Tudo se resolve!<\/p>\n<p><strong>As candidaturas ao Voluntariado, nas v\u00e1rias equipas do festival, podem ser submetidas de 1 a 10 de junho atrav\u00e9s do preenchimento de um formul\u00e1rio online, que ficar\u00e1 dispon\u00edvel <a href=\"https:\/\/www.andancas.net\/site\/info\/candidaturas\/\" target=\"_blank\" rel=\"noopener\">aqui<\/a>.\u00a0<\/strong><\/p>\n","protected":false},"excerpt":{"rendered":"<p>O Andan\u00e7as \u00e9 o maior festival de dan\u00e7as tradicionais da Pen\u00ednsula Ib\u00e9rica. O tempo e o esfor\u00e7o investidos em todas as \u00e1reas do voluntariado s\u00e3o vitais para garantir a continuidade do festival e o cumprimento dos compromissos por este assumidos com os participantes, artistas e monitores, com os parceiros, a comunidade local e com todos <a href=\"https:\/\/www.andancas.net\/site\/2025\/05\/19\/as-candidaturas-ao-voluntariado-do-andancas-abrem-de-1-a-10-de-junho-para-as-varias-areas-do-festival\/\" class=\"more-link\">&#8230;<span class=\"screen-reader-text\">  As candidaturas ao voluntariado do Andan\u00e7as abrem de 1 a 10 de junho para as v\u00e1rias \u00e1reas do festival!<\/span><\/a><\/p>\n","protected":false},"author":1,"featured_media":7683,"comment_status":"closed","ping_status":"closed","sticky":false,"template":"","format":"standard","meta":{"_uf_show_specific_survey":0,"_uf_disable_surveys":false,"footnotes":""},"categories":[64],"tags":[],"class_list":["post-9121","post","type-post","status-publish","format-standard","has-post-thumbnail","hentry","category-voluntariado-pt"],"aioseo_notices":[],"aioseo_head":"\n\t\t<!-- All in One SEO 5.0.1 - aioseo.com -->\n\t<meta name=\"description\" content=\"O Andan\u00e7as \u00e9 o maior festival de dan\u00e7as tradicionais da Pen\u00ednsula Ib\u00e9rica. O tempo e o esfor\u00e7o investidos em todas as \u00e1reas do voluntariado s\u00e3o vitais para garantir a continuidade do festival e o cumprimento dos compromissos por este assumidos com os participantes, artistas e monitores, com os parceiros, a comunidade local e com todos\" \/>\n\t<meta name=\"robots\" content=\"max-image-preview:large\" \/>\n\t<meta name=\"author\" content=\"SuperAdminAndancas\"\/>\n\t<link rel=\"canonical\" href=\"https:\/\/www.andancas.net\/site\/2025\/05\/19\/as-candidaturas-ao-voluntariado-do-andancas-abrem-de-1-a-10-de-junho-para-as-varias-areas-do-festival\/\" \/>\n\t<meta name=\"generator\" content=\"All in One SEO (AIOSEO) 5.0.1\" \/>\n\t\t<meta property=\"og:locale\" content=\"pt_PT\" \/>\n\t\t<meta property=\"og:site_name\" content=\"Andan\u00e7as -\" \/>\n\t\t<meta property=\"og:type\" content=\"article\" \/>\n\t\t<meta property=\"og:title\" content=\"As candidaturas ao voluntariado do Andan\u00e7as abrem de 1 a 10 de junho para as v\u00e1rias \u00e1reas do festival! - Andan\u00e7as\" \/>\n\t\t<meta property=\"og:description\" content=\"O Andan\u00e7as \u00e9 o maior festival de dan\u00e7as tradicionais da Pen\u00ednsula Ib\u00e9rica. O tempo e o esfor\u00e7o investidos em todas as \u00e1reas do voluntariado s\u00e3o vitais para garantir a continuidade do festival e o cumprimento dos compromissos por este assumidos com os participantes, artistas e monitores, com os parceiros, a comunidade local e com todos\" \/>\n\t\t<meta property=\"og:url\" content=\"https:\/\/www.andancas.net\/site\/2025\/05\/19\/as-candidaturas-ao-voluntariado-do-andancas-abrem-de-1-a-10-de-junho-para-as-varias-areas-do-festival\/\" \/>\n\t\t<meta property=\"article:published_time\" content=\"2025-05-19T15:25:58+00:00\" \/>\n\t\t<meta property=\"article:modified_time\" content=\"2025-05-19T15:25:58+00:00\" \/>\n\t\t<meta name=\"twitter:card\" content=\"summary_large_image\" \/>\n\t\t<meta name=\"twitter:title\" content=\"As candidaturas ao voluntariado do Andan\u00e7as abrem de 1 a 10 de junho para as v\u00e1rias \u00e1reas do festival! - Andan\u00e7as\" \/>\n\t\t<meta name=\"twitter:description\" content=\"O Andan\u00e7as \u00e9 o maior festival de dan\u00e7as tradicionais da Pen\u00ednsula Ib\u00e9rica. O tempo e o esfor\u00e7o investidos em todas as \u00e1reas do voluntariado s\u00e3o vitais para garantir a continuidade do festival e o cumprimento dos compromissos por este assumidos com os participantes, artistas e monitores, com os parceiros, a comunidade local e com todos\" \/>\n\t\t<script type=\"application\/ld+json\" class=\"aioseo-schema\">\n\t\t\t{\"@context\":\"https:\\\/\\\/schema.org\",\"@graph\":[{\"@type\":\"BlogPosting\",\"@id\":\"https:\\\/\\\/www.andancas.net\\\/site\\\/2025\\\/05\\\/19\\\/as-candidaturas-ao-voluntariado-do-andancas-abrem-de-1-a-10-de-junho-para-as-varias-areas-do-festival\\\/#blogposting\",\"name\":\"As candidaturas ao voluntariado do Andan\\u00e7as abrem de 1 a 10 de junho para as v\\u00e1rias \\u00e1reas do festival! - Andan\\u00e7as\",\"headline\":\"As candidaturas ao voluntariado do Andan\\u00e7as abrem de 1 a 10 de junho para as v\\u00e1rias \\u00e1reas do festival!\",\"author\":{\"@id\":\"https:\\\/\\\/www.andancas.net\\\/site\\\/author\\\/superadminandancas\\\/#author\"},\"publisher\":{\"@id\":\"https:\\\/\\\/www.andancas.net\\\/site\\\/#organization\"},\"image\":{\"@type\":\"ImageObject\",\"url\":\"https:\\\/\\\/www.andancas.net\\\/site\\\/wp-content\\\/uploads\\\/2024\\\/12\\\/MG_8785.jpg\",\"width\":1800,\"height\":1200},\"datePublished\":\"2025-05-19T15:25:58+00:00\",\"dateModified\":\"2025-05-19T15:25:58+00:00\",\"inLanguage\":\"pt-PT\",\"mainEntityOfPage\":{\"@id\":\"https:\\\/\\\/www.andancas.net\\\/site\\\/2025\\\/05\\\/19\\\/as-candidaturas-ao-voluntariado-do-andancas-abrem-de-1-a-10-de-junho-para-as-varias-areas-do-festival\\\/#webpage\"},\"isPartOf\":{\"@id\":\"https:\\\/\\\/www.andancas.net\\\/site\\\/2025\\\/05\\\/19\\\/as-candidaturas-ao-voluntariado-do-andancas-abrem-de-1-a-10-de-junho-para-as-varias-areas-do-festival\\\/#webpage\"},\"articleSection\":\"Voluntariado (PT), Portugu\\u00eas\"},{\"@type\":\"BreadcrumbList\",\"@id\":\"https:\\\/\\\/www.andancas.net\\\/site\\\/2025\\\/05\\\/19\\\/as-candidaturas-ao-voluntariado-do-andancas-abrem-de-1-a-10-de-junho-para-as-varias-areas-do-festival\\\/#breadcrumblist\",\"itemListElement\":[{\"@type\":\"ListItem\",\"@id\":\"https:\\\/\\\/www.andancas.net\\\/site#listItem\",\"position\":1,\"name\":\"Home\",\"item\":\"https:\\\/\\\/www.andancas.net\\\/site\",\"nextItem\":{\"@type\":\"ListItem\",\"@id\":\"https:\\\/\\\/www.andancas.net\\\/site\\\/category\\\/voluntariado-pt\\\/#listItem\",\"name\":\"Voluntariado (PT)\"}},{\"@type\":\"ListItem\",\"@id\":\"https:\\\/\\\/www.andancas.net\\\/site\\\/category\\\/voluntariado-pt\\\/#listItem\",\"position\":2,\"name\":\"Voluntariado (PT)\",\"item\":\"https:\\\/\\\/www.andancas.net\\\/site\\\/category\\\/voluntariado-pt\\\/\",\"nextItem\":{\"@type\":\"ListItem\",\"@id\":\"https:\\\/\\\/www.andancas.net\\\/site\\\/2025\\\/05\\\/19\\\/as-candidaturas-ao-voluntariado-do-andancas-abrem-de-1-a-10-de-junho-para-as-varias-areas-do-festival\\\/#listItem\",\"name\":\"As candidaturas ao voluntariado do Andan\\u00e7as abrem de 1 a 10 de junho para as v\\u00e1rias \\u00e1reas do festival!\"},\"previousItem\":{\"@type\":\"ListItem\",\"@id\":\"https:\\\/\\\/www.andancas.net\\\/site#listItem\",\"name\":\"Home\"}},{\"@type\":\"ListItem\",\"@id\":\"https:\\\/\\\/www.andancas.net\\\/site\\\/2025\\\/05\\\/19\\\/as-candidaturas-ao-voluntariado-do-andancas-abrem-de-1-a-10-de-junho-para-as-varias-areas-do-festival\\\/#listItem\",\"position\":3,\"name\":\"As candidaturas ao voluntariado do Andan\\u00e7as abrem de 1 a 10 de junho para as v\\u00e1rias \\u00e1reas do festival!\",\"previousItem\":{\"@type\":\"ListItem\",\"@id\":\"https:\\\/\\\/www.andancas.net\\\/site\\\/category\\\/voluntariado-pt\\\/#listItem\",\"name\":\"Voluntariado (PT)\"}}]},{\"@type\":\"Organization\",\"@id\":\"https:\\\/\\\/www.andancas.net\\\/site\\\/#organization\",\"name\":\"Andan\\u00e7as\",\"url\":\"https:\\\/\\\/www.andancas.net\\\/site\\\/\"},{\"@type\":\"Person\",\"@id\":\"https:\\\/\\\/www.andancas.net\\\/site\\\/author\\\/superadminandancas\\\/#author\",\"url\":\"https:\\\/\\\/www.andancas.net\\\/site\\\/author\\\/superadminandancas\\\/\",\"name\":\"SuperAdminAndancas\",\"image\":{\"@type\":\"ImageObject\",\"@id\":\"https:\\\/\\\/www.andancas.net\\\/site\\\/2025\\\/05\\\/19\\\/as-candidaturas-ao-voluntariado-do-andancas-abrem-de-1-a-10-de-junho-para-as-varias-areas-do-festival\\\/#authorImage\",\"url\":\"https:\\\/\\\/secure.gravatar.com\\\/avatar\\\/7c5df3e493df7c75d62c64f7f220d0afbc8179289d5d4e6329f5444fde1d842b?s=96&d=mm&r=g\",\"width\":96,\"height\":96,\"caption\":\"SuperAdminAndancas\"}},{\"@type\":\"WebPage\",\"@id\":\"https:\\\/\\\/www.andancas.net\\\/site\\\/2025\\\/05\\\/19\\\/as-candidaturas-ao-voluntariado-do-andancas-abrem-de-1-a-10-de-junho-para-as-varias-areas-do-festival\\\/#webpage\",\"url\":\"https:\\\/\\\/www.andancas.net\\\/site\\\/2025\\\/05\\\/19\\\/as-candidaturas-ao-voluntariado-do-andancas-abrem-de-1-a-10-de-junho-para-as-varias-areas-do-festival\\\/\",\"name\":\"As candidaturas ao voluntariado do Andan\\u00e7as abrem de 1 a 10 de junho para as v\\u00e1rias \\u00e1reas do festival! - Andan\\u00e7as\",\"description\":\"O Andan\\u00e7as \\u00e9 o maior festival de dan\\u00e7as tradicionais da Pen\\u00ednsula Ib\\u00e9rica. O tempo e o esfor\\u00e7o investidos em todas as \\u00e1reas do voluntariado s\\u00e3o vitais para garantir a continuidade do festival e o cumprimento dos compromissos por este assumidos com os participantes, artistas e monitores, com os parceiros, a comunidade local e com todos\",\"inLanguage\":\"pt-PT\",\"isPartOf\":{\"@id\":\"https:\\\/\\\/www.andancas.net\\\/site\\\/#website\"},\"breadcrumb\":{\"@id\":\"https:\\\/\\\/www.andancas.net\\\/site\\\/2025\\\/05\\\/19\\\/as-candidaturas-ao-voluntariado-do-andancas-abrem-de-1-a-10-de-junho-para-as-varias-areas-do-festival\\\/#breadcrumblist\"},\"author\":{\"@id\":\"https:\\\/\\\/www.andancas.net\\\/site\\\/author\\\/superadminandancas\\\/#author\"},\"creator\":{\"@id\":\"https:\\\/\\\/www.andancas.net\\\/site\\\/author\\\/superadminandancas\\\/#author\"},\"image\":{\"@type\":\"ImageObject\",\"url\":\"https:\\\/\\\/www.andancas.net\\\/site\\\/wp-content\\\/uploads\\\/2024\\\/12\\\/MG_8785.jpg\",\"@id\":\"https:\\\/\\\/www.andancas.net\\\/site\\\/2025\\\/05\\\/19\\\/as-candidaturas-ao-voluntariado-do-andancas-abrem-de-1-a-10-de-junho-para-as-varias-areas-do-festival\\\/#mainImage\",\"width\":1800,\"height\":1200},\"primaryImageOfPage\":{\"@id\":\"https:\\\/\\\/www.andancas.net\\\/site\\\/2025\\\/05\\\/19\\\/as-candidaturas-ao-voluntariado-do-andancas-abrem-de-1-a-10-de-junho-para-as-varias-areas-do-festival\\\/#mainImage\"},\"datePublished\":\"2025-05-19T15:25:58+00:00\",\"dateModified\":\"2025-05-19T15:25:58+00:00\"},{\"@type\":\"WebSite\",\"@id\":\"https:\\\/\\\/www.andancas.net\\\/site\\\/#website\",\"url\":\"https:\\\/\\\/www.andancas.net\\\/site\\\/\",\"name\":\"Andan\\u00e7as\",\"inLanguage\":\"pt-PT\",\"publisher\":{\"@id\":\"https:\\\/\\\/www.andancas.net\\\/site\\\/#organization\"}}]}\n\t\t<\/script>\n\t\t<!-- All in One SEO -->\n\n","aioseo_head_json":{"title":"As candidaturas ao voluntariado do Andan\u00e7as abrem de 1 a 10 de junho para as v\u00e1rias \u00e1reas do festival! - Andan\u00e7as","description":"O Andan\u00e7as \u00e9 o maior festival de dan\u00e7as tradicionais da Pen\u00ednsula Ib\u00e9rica. O tempo e o esfor\u00e7o investidos em todas as \u00e1reas do voluntariado s\u00e3o vitais para garantir a continuidade do festival e o cumprimento dos compromissos por este assumidos com os participantes, artistas e monitores, com os parceiros, a comunidade local e com todos","canonical_url":"https:\/\/www.andancas.net\/site\/2025\/05\/19\/as-candidaturas-ao-voluntariado-do-andancas-abrem-de-1-a-10-de-junho-para-as-varias-areas-do-festival\/","robots":"max-image-preview:large","keywords":"","webmasterTools":{"miscellaneous":""},"schema":{"@context":"https:\/\/schema.org","@graph":[{"@type":"BlogPosting","@id":"https:\/\/www.andancas.net\/site\/2025\/05\/19\/as-candidaturas-ao-voluntariado-do-andancas-abrem-de-1-a-10-de-junho-para-as-varias-areas-do-festival\/#blogposting","name":"As candidaturas ao voluntariado do Andan\u00e7as abrem de 1 a 10 de junho para as v\u00e1rias \u00e1reas do festival! - Andan\u00e7as","headline":"As candidaturas ao voluntariado do Andan\u00e7as abrem de 1 a 10 de junho para as v\u00e1rias \u00e1reas do festival!","author":{"@id":"https:\/\/www.andancas.net\/site\/author\/superadminandancas\/#author"},"publisher":{"@id":"https:\/\/www.andancas.net\/site\/#organization"},"image":{"@type":"ImageObject","url":"https:\/\/www.andancas.net\/site\/wp-content\/uploads\/2024\/12\/MG_8785.jpg","width":1800,"height":1200},"datePublished":"2025-05-19T15:25:58+00:00","dateModified":"2025-05-19T15:25:58+00:00","inLanguage":"pt-PT","mainEntityOfPage":{"@id":"https:\/\/www.andancas.net\/site\/2025\/05\/19\/as-candidaturas-ao-voluntariado-do-andancas-abrem-de-1-a-10-de-junho-para-as-varias-areas-do-festival\/#webpage"},"isPartOf":{"@id":"https:\/\/www.andancas.net\/site\/2025\/05\/19\/as-candidaturas-ao-voluntariado-do-andancas-abrem-de-1-a-10-de-junho-para-as-varias-areas-do-festival\/#webpage"},"articleSection":"Voluntariado (PT), Portugu\u00eas"},{"@type":"BreadcrumbList","@id":"https:\/\/www.andancas.net\/site\/2025\/05\/19\/as-candidaturas-ao-voluntariado-do-andancas-abrem-de-1-a-10-de-junho-para-as-varias-areas-do-festival\/#breadcrumblist","itemListElement":[{"@type":"ListItem","@id":"https:\/\/www.andancas.net\/site#listItem","position":1,"name":"Home","item":"https:\/\/www.andancas.net\/site","nextItem":{"@type":"ListItem","@id":"https:\/\/www.andancas.net\/site\/category\/voluntariado-pt\/#listItem","name":"Voluntariado (PT)"}},{"@type":"ListItem","@id":"https:\/\/www.andancas.net\/site\/category\/voluntariado-pt\/#listItem","position":2,"name":"Voluntariado (PT)","item":"https:\/\/www.andancas.net\/site\/category\/voluntariado-pt\/","nextItem":{"@type":"ListItem","@id":"https:\/\/www.andancas.net\/site\/2025\/05\/19\/as-candidaturas-ao-voluntariado-do-andancas-abrem-de-1-a-10-de-junho-para-as-varias-areas-do-festival\/#listItem","name":"As candidaturas ao voluntariado do Andan\u00e7as abrem de 1 a 10 de junho para as v\u00e1rias \u00e1reas do festival!"},"previousItem":{"@type":"ListItem","@id":"https:\/\/www.andancas.net\/site#listItem","name":"Home"}},{"@type":"ListItem","@id":"https:\/\/www.andancas.net\/site\/2025\/05\/19\/as-candidaturas-ao-voluntariado-do-andancas-abrem-de-1-a-10-de-junho-para-as-varias-areas-do-festival\/#listItem","position":3,"name":"As candidaturas ao voluntariado do Andan\u00e7as abrem de 1 a 10 de junho para as v\u00e1rias \u00e1reas do festival!","previousItem":{"@type":"ListItem","@id":"https:\/\/www.andancas.net\/site\/category\/voluntariado-pt\/#listItem","name":"Voluntariado (PT)"}}]},{"@type":"Organization","@id":"https:\/\/www.andancas.net\/site\/#organization","name":"Andan\u00e7as","url":"https:\/\/www.andancas.net\/site\/"},{"@type":"Person","@id":"https:\/\/www.andancas.net\/site\/author\/superadminandancas\/#author","url":"https:\/\/www.andancas.net\/site\/author\/superadminandancas\/","name":"SuperAdminAndancas","image":{"@type":"ImageObject","@id":"https:\/\/www.andancas.net\/site\/2025\/05\/19\/as-candidaturas-ao-voluntariado-do-andancas-abrem-de-1-a-10-de-junho-para-as-varias-areas-do-festival\/#authorImage","url":"https:\/\/secure.gravatar.com\/avatar\/7c5df3e493df7c75d62c64f7f220d0afbc8179289d5d4e6329f5444fde1d842b?s=96&d=mm&r=g","width":96,"height":96,"caption":"SuperAdminAndancas"}},{"@type":"WebPage","@id":"https:\/\/www.andancas.net\/site\/2025\/05\/19\/as-candidaturas-ao-voluntariado-do-andancas-abrem-de-1-a-10-de-junho-para-as-varias-areas-do-festival\/#webpage","url":"https:\/\/www.andancas.net\/site\/2025\/05\/19\/as-candidaturas-ao-voluntariado-do-andancas-abrem-de-1-a-10-de-junho-para-as-varias-areas-do-festival\/","name":"As candidaturas ao voluntariado do Andan\u00e7as abrem de 1 a 10 de junho para as v\u00e1rias \u00e1reas do festival! - Andan\u00e7as","description":"O Andan\u00e7as \u00e9 o maior festival de dan\u00e7as tradicionais da Pen\u00ednsula Ib\u00e9rica. O tempo e o esfor\u00e7o investidos em todas as \u00e1reas do voluntariado s\u00e3o vitais para garantir a continuidade do festival e o cumprimento dos compromissos por este assumidos com os participantes, artistas e monitores, com os parceiros, a comunidade local e com todos","inLanguage":"pt-PT","isPartOf":{"@id":"https:\/\/www.andancas.net\/site\/#website"},"breadcrumb":{"@id":"https:\/\/www.andancas.net\/site\/2025\/05\/19\/as-candidaturas-ao-voluntariado-do-andancas-abrem-de-1-a-10-de-junho-para-as-varias-areas-do-festival\/#breadcrumblist"},"author":{"@id":"https:\/\/www.andancas.net\/site\/author\/superadminandancas\/#author"},"creator":{"@id":"https:\/\/www.andancas.net\/site\/author\/superadminandancas\/#author"},"image":{"@type":"ImageObject","url":"https:\/\/www.andancas.net\/site\/wp-content\/uploads\/2024\/12\/MG_8785.jpg","@id":"https:\/\/www.andancas.net\/site\/2025\/05\/19\/as-candidaturas-ao-voluntariado-do-andancas-abrem-de-1-a-10-de-junho-para-as-varias-areas-do-festival\/#mainImage","width":1800,"height":1200},"primaryImageOfPage":{"@id":"https:\/\/www.andancas.net\/site\/2025\/05\/19\/as-candidaturas-ao-voluntariado-do-andancas-abrem-de-1-a-10-de-junho-para-as-varias-areas-do-festival\/#mainImage"},"datePublished":"2025-05-19T15:25:58+00:00","dateModified":"2025-05-19T15:25:58+00:00"},{"@type":"WebSite","@id":"https:\/\/www.andancas.net\/site\/#website","url":"https:\/\/www.andancas.net\/site\/","name":"Andan\u00e7as","inLanguage":"pt-PT","publisher":{"@id":"https:\/\/www.andancas.net\/site\/#organization"}}]},"og:locale":"pt_PT","og:site_name":"Andan\u00e7as -","og:type":"article","og:title":"As candidaturas ao voluntariado do Andan\u00e7as abrem de 1 a 10 de junho para as v\u00e1rias \u00e1reas do festival! - Andan\u00e7as","og:description":"O Andan\u00e7as \u00e9 o maior festival de dan\u00e7as tradicionais da Pen\u00ednsula Ib\u00e9rica. O tempo e o esfor\u00e7o investidos em todas as \u00e1reas do voluntariado s\u00e3o vitais para garantir a continuidade do festival e o cumprimento dos compromissos por este assumidos com os participantes, artistas e monitores, com os parceiros, a comunidade local e com todos","og:url":"https:\/\/www.andancas.net\/site\/2025\/05\/19\/as-candidaturas-ao-voluntariado-do-andancas-abrem-de-1-a-10-de-junho-para-as-varias-areas-do-festival\/","article:published_time":"2025-05-19T15:25:58+00:00","article:modified_time":"2025-05-19T15:25:58+00:00","twitter:card":"summary_large_image","twitter:title":"As candidaturas ao voluntariado do Andan\u00e7as abrem de 1 a 10 de junho para as v\u00e1rias \u00e1reas do festival! - Andan\u00e7as","twitter:description":"O Andan\u00e7as \u00e9 o maior festival de dan\u00e7as tradicionais da Pen\u00ednsula Ib\u00e9rica. O tempo e o esfor\u00e7o investidos em todas as \u00e1reas do voluntariado s\u00e3o vitais para garantir a continuidade do festival e o cumprimento dos compromissos por este assumidos com os participantes, artistas e monitores, com os parceiros, a comunidade local e com todos"},"aioseo_meta_data":[],"aioseo_breadcrumb":"<div class=\"aioseo-breadcrumbs\"><span class=\"aioseo-breadcrumb\">\n\t\t\t<a href=\"https:\/\/www.andancas.net\/site\" title=\"Home\">Home<\/a>\n\t\t<\/span><span class=\"aioseo-breadcrumb-separator\">&raquo;<\/span><span class=\"aioseo-breadcrumb\">\n\t\t\t<a href=\"https:\/\/www.andancas.net\/site\/category\/voluntariado-pt\/\" title=\"Voluntariado (PT)\">Voluntariado (PT)<\/a>\n\t\t<\/span><span class=\"aioseo-breadcrumb-separator\">&raquo;<\/span><span class=\"aioseo-breadcrumb\">\n\t\t\tAs candidaturas ao voluntariado do Andan\u00e7as abrem de 1 a 10 de junho para as v\u00e1rias \u00e1reas do festival!\n\t\t<\/span><\/div>","aioseo_breadcrumb_json":[{"label":"Home","link":"https:\/\/www.andancas.net\/site"},{"label":"Voluntariado (PT)","link":"https:\/\/www.andancas.net\/site\/category\/voluntariado-pt\/"},{"label":"As candidaturas ao voluntariado do Andan\u00e7as abrem de 1 a 10 de junho para as v\u00e1rias \u00e1reas do festival!","link":"https:\/\/www.andancas.net\/site\/2025\/05\/19\/as-candidaturas-ao-voluntariado-do-andancas-abrem-de-1-a-10-de-junho-para-as-varias-areas-do-festival\/"}],"_links":{"self":[{"href":"https:\/\/www.andancas.net\/site\/wp-json\/wp\/v2\/posts\/9121","targetHints":{"allow":["GET"]}}],"collection":[{"href":"https:\/\/www.andancas.net\/site\/wp-json\/wp\/v2\/posts"}],"about":[{"href":"https:\/\/www.andancas.net\/site\/wp-json\/wp\/v2\/types\/post"}],"author":[{"embeddable":true,"href":"https:\/\/www.andancas.net\/site\/wp-json\/wp\/v2\/users\/1"}],"replies":[{"embeddable":true,"href":"https:\/\/www.andancas.net\/site\/wp-json\/wp\/v2\/comments?post=9121"}],"version-history":[{"count":0,"href":"https:\/\/www.andancas.net\/site\/wp-json\/wp\/v2\/posts\/9121\/revisions"}],"wp:featuredmedia":[{"embeddable":true,"href":"https:\/\/www.andancas.net\/site\/wp-json\/wp\/v2\/media\/7683"}],"wp:attachment":[{"href":"https:\/\/www.andancas.net\/site\/wp-json\/wp\/v2\/media?parent=9121"}],"wp:term":[{"taxonomy":"category","embeddable":true,"href":"https:\/\/www.andancas.net\/site\/wp-json\/wp\/v2\/categories?post=9121"},{"taxonomy":"post_tag","embeddable":true,"href":"https:\/\/www.andancas.net\/site\/wp-json\/wp\/v2\/tags?post=9121"}],"curies":[{"name":"wp","href":"https:\/\/api.w.org\/{rel}","templated":true}]}}