{"id":8947,"date":"2025-04-21T16:17:23","date_gmt":"2025-04-21T16:17:23","guid":{"rendered":"http:\/\/www.andancas.net\/site\/?p=8947"},"modified":"2025-04-21T17:12:31","modified_gmt":"2025-04-21T17:12:31","slug":"mas-porque-campinho-onde-o-calor-aperta-e-as-sombras-tem-que-se-conquistar","status":"publish","type":"post","link":"https:\/\/www.andancas.net\/site\/2025\/04\/21\/mas-porque-campinho-onde-o-calor-aperta-e-as-sombras-tem-que-se-conquistar\/","title":{"rendered":"Mas porqu\u00ea Campinho, onde o calor aperta e as sombras t\u00eam que se conquistar?"},"content":{"rendered":"<p>\u00c0 parte de j\u00e1 termos muitas saudades do calor e do ver\u00e3o &#8211; pois este ano a chuva veio para ficar, veio molhar bem o ch\u00e3o e encher as barragens &#8211; o Alentejo \u00e9 a regi\u00e3o mais quente de Portugal, nos meses de ver\u00e3o.<\/p>\n<p>Este ano, o Andan\u00e7as est\u00e1 de regresso \u00e0 aldeia de Campinho, no interior alentejano, de 14 a 17 de agosto e muitas s\u00e3o as pessoas que nos perguntam <strong><em>\u00abMas porqu\u00ea Campinho? Porque \u00e9 que o Andan\u00e7as se mudou para uma aldeia do interior alentejano, onde o calor aperta e as sombras t\u00eam que se conquistar?\u00bb <\/em><\/strong>e n\u00f3s P\u00e9deXumbo, organiza\u00e7\u00e3o do festival Andan\u00e7as, queremos continuar responder a essa quest\u00e3o!<\/p>\n<p><strong>Campinho<\/strong>, no concelho de Reguengos de Monsaraz \u00e9 o ponto de encontro oficial para os\u00a0<em>Andantes<\/em>. Integrada na plan\u00edcie dos sobreiros e azinheiras, na paisagem amarela e ondulante de ver\u00e3o, a aldeia de Campinho fica a 3km das calmas e id\u00edlicas \u00e1guas de\u00a0<strong>Alqueva<\/strong>, o maior Lago artificial da Europa.\u00a0<strong>E sim, faz muito calor no Alentejo em pleno agosto<\/strong>, mas o Andan\u00e7as \u00e9 um festival de ver\u00e3o e agosto \u00e9 o m\u00eas por excel\u00eancia para reunir as equipas que s\u00e3o as <em>rodas <\/em>do festival, bem como as centenas de participantes que chegam at\u00e9 n\u00f3s para dan\u00e7ar durante quatro dias, devido \u00e0s f\u00e9rias escolares e laborais.<\/p>\n<p>A\u00a0<strong>descentraliza\u00e7\u00e3o cultural <\/strong>e o\u00a0<strong>Alentejo do interior<\/strong>, onde est\u00e1 sediada, est\u00e3o no topo das aten\u00e7\u00f5es da programa\u00e7\u00e3o pensada pela Associa\u00e7\u00e3o P\u00e9deXumbo, bem como o desenvolvimento das comunidades e territ\u00f3rios que habita com os seus projetos.<br \/>\nO Andan\u00e7as encontrou agora casa, num lugar que, se n\u00e3o for habitado, mesmo que sazonalmente, estar\u00e1 cada vez mais isolado. Como mostram dados do Turismo de Portugal, o Alentejo \u00e9 uma das zonas mais desertificadas durante os meses de ver\u00e3o e um territ\u00f3rio que n\u00e3o tem vida, n\u00e3o gera vida. Pelo seu hist\u00f3rico, o Andan\u00e7as, bem como os <a href=\"http:\/\/www.pedexumbo.com\/pessoas-cheias-de-territorio\" target=\"_blank\" rel=\"noopener\">projetos<\/a>\u00a0que agrega ao longo do ano, vem assim trazer um contributo positivo para este concelho, um contributo que s\u00f3 \u00e9 v\u00e1lido se for desenvolvido a m\u00e9dio prazo, num processo colaborativo, pensado para ser um motor de desenvolvimento da regi\u00e3o.<\/p>\n<p>Como uma<strong>\u00a0aldeia global<\/strong>, onde os participantes s\u00e3o convidados a interagir e a partilhar, o festival d\u00e1 a oportunidade, a quem vem, de ser parte desse processo, n\u00e3o apenas atrav\u00e9s da programa\u00e7\u00e3o da qual v\u00eam usufruir, mas tamb\u00e9m atrav\u00e9s da partilha com esta comunidade e da experi\u00eancia das viv\u00eancias do lugar com as suas caracter\u00edsticas. O Andan\u00e7as d\u00e1 a oportunidade a quem vem de experienciar e refletir sobre os desafios de viver no interior alentejano ao mesmo tempo que mostra uma regi\u00e3o t\u00e3o rica culturalmente e t\u00e3o deslumbrante em paisagem, atrav\u00e9s das atividades do programa.<\/p>\n<p>A pensar no bem estar dos participantes, pouco habituados ao calor alentejano, a organiza\u00e7\u00e3o do Andan\u00e7as tem vindo ainda a desenvolver melhorias no mapa do festival, a fim de encurtar dist\u00e2ncias entre palcos e servi\u00e7os; est\u00e1 tamb\u00e9m a investir num maior n\u00famero de sombras nas diferentes \u00e1reas do festival atrav\u00e9s do projeto &#8220;Andan\u00e7as com sombra&#8221;, que tem desenvolvido junto da comunidade de Campinho; est\u00e1 a estabelecer parcerias para levar os participantes a mergulhar no Alqueva, nas horas de mais calor; e aconselha a que tod@s venham preparados com chap\u00e9u, protetor solar e len\u00e7os leves para proteger a pele do sol alentejano. J\u00e1 as noites, tendem a ser frescas, devido \u00e0 grande amplitude t\u00e9rmica do clima do interior, pelo que podemos aproveitar para refrescar e vestir um casaco, depois do baile.<\/p>\n<p>E os espet\u00e1culos n\u00e3o acontecem s\u00f3 nos palcos, podem ser tamb\u00e9m assistidos na natureza, pois n\u00e3o h\u00e1 p\u00f4r do sol nem c\u00e9u estrelado como o do Alentejo.<\/p>\n<p>Estamos \u00e0 vossa espera! O Alentejo chama para cantar e dan\u00e7ar!<\/p>\n","protected":false},"excerpt":{"rendered":"<p>\u00c0 parte de j\u00e1 termos muitas saudades do calor e do ver\u00e3o &#8211; pois este ano a chuva veio para ficar, veio molhar bem o ch\u00e3o e encher as barragens &#8211; o Alentejo \u00e9 a regi\u00e3o mais quente de Portugal, nos meses de ver\u00e3o. Este ano, o Andan\u00e7as est\u00e1 de regresso \u00e0 aldeia de Campinho, <a href=\"https:\/\/www.andancas.net\/site\/2025\/04\/21\/mas-porque-campinho-onde-o-calor-aperta-e-as-sombras-tem-que-se-conquistar\/\" class=\"more-link\">&#8230;<span class=\"screen-reader-text\">  Mas porqu\u00ea Campinho, onde o calor aperta e as sombras t\u00eam que se conquistar?<\/span><\/a><\/p>\n","protected":false},"author":1,"featured_media":8948,"comment_status":"closed","ping_status":"closed","sticky":false,"template":"","format":"standard","meta":{"_uf_show_specific_survey":0,"_uf_disable_surveys":false,"footnotes":""},"categories":[1],"tags":[],"class_list":["post-8947","post","type-post","status-publish","format-standard","has-post-thumbnail","hentry","category-sem-categoria"],"aioseo_notices":[],"_links":{"self":[{"href":"https:\/\/www.andancas.net\/site\/wp-json\/wp\/v2\/posts\/8947","targetHints":{"allow":["GET"]}}],"collection":[{"href":"https:\/\/www.andancas.net\/site\/wp-json\/wp\/v2\/posts"}],"about":[{"href":"https:\/\/www.andancas.net\/site\/wp-json\/wp\/v2\/types\/post"}],"author":[{"embeddable":true,"href":"https:\/\/www.andancas.net\/site\/wp-json\/wp\/v2\/users\/1"}],"replies":[{"embeddable":true,"href":"https:\/\/www.andancas.net\/site\/wp-json\/wp\/v2\/comments?post=8947"}],"version-history":[{"count":0,"href":"https:\/\/www.andancas.net\/site\/wp-json\/wp\/v2\/posts\/8947\/revisions"}],"wp:featuredmedia":[{"embeddable":true,"href":"https:\/\/www.andancas.net\/site\/wp-json\/wp\/v2\/media\/8948"}],"wp:attachment":[{"href":"https:\/\/www.andancas.net\/site\/wp-json\/wp\/v2\/media?parent=8947"}],"wp:term":[{"taxonomy":"category","embeddable":true,"href":"https:\/\/www.andancas.net\/site\/wp-json\/wp\/v2\/categories?post=8947"},{"taxonomy":"post_tag","embeddable":true,"href":"https:\/\/www.andancas.net\/site\/wp-json\/wp\/v2\/tags?post=8947"}],"curies":[{"name":"wp","href":"https:\/\/api.w.org\/{rel}","templated":true}]}}