{"id":8515,"date":"2025-04-01T16:07:11","date_gmt":"2025-04-01T16:07:11","guid":{"rendered":"http:\/\/www.andancas.net\/site\/?p=8515"},"modified":"2025-04-01T16:09:32","modified_gmt":"2025-04-01T16:09:32","slug":"bilheteira-andancas-abre-em-abril","status":"publish","type":"post","link":"https:\/\/www.andancas.net\/site\/2025\/04\/01\/bilheteira-andancas-abre-em-abril\/","title":{"rendered":"Bilheteira Andan\u00e7as abre em abril!"},"content":{"rendered":"<p>Na segunda quinzena do m\u00eas de abril, abre a primeira fase da bilheteira Andan\u00e7as, para aquisi\u00e7\u00e3o do Passe Geral a pre\u00e7o reduzido.<br \/>\nFiquem atent@s para garantirem j\u00e1 o vosso bilhete, nesta primeira fase de maior desconto!<\/p>\n<p>At\u00e9 agosto ser\u00e3o ainda disponibilizadas mais duas fases de venda de Passes Gerais, a pre\u00e7o reduzido.<\/p>\n<p>Em breve, todas as informa\u00e7\u00f5es sobre a bilheteira em <a href=\"https:\/\/www.andancas.net\/site\/bilheteira\/\">andancas.net\/site\/bilheteira<\/a><\/p>\n","protected":false},"excerpt":{"rendered":"<p>Na segunda quinzena do m\u00eas de abril, abre a primeira fase da bilheteira Andan\u00e7as, para aquisi\u00e7\u00e3o do Passe Geral a pre\u00e7o reduzido. Fiquem atent@s para garantirem j\u00e1 o vosso bilhete, nesta primeira fase de maior desconto! At\u00e9 agosto ser\u00e3o ainda disponibilizadas mais duas fases de venda de Passes Gerais, a pre\u00e7o reduzido. Em breve, todas <a href=\"https:\/\/www.andancas.net\/site\/2025\/04\/01\/bilheteira-andancas-abre-em-abril\/\" class=\"more-link\">&#8230;<span class=\"screen-reader-text\">  Bilheteira Andan\u00e7as abre em abril!<\/span><\/a><\/p>\n","protected":false},"author":1,"featured_media":8516,"comment_status":"closed","ping_status":"closed","sticky":false,"template":"","format":"standard","meta":{"_uf_show_specific_survey":0,"_uf_disable_surveys":false,"footnotes":""},"categories":[1],"tags":[],"class_list":["post-8515","post","type-post","status-publish","format-standard","has-post-thumbnail","hentry","category-sem-categoria"],"aioseo_notices":[],"aioseo_head":"\n\t\t<!-- All in One SEO 5.0.1 - aioseo.com -->\n\t<meta name=\"description\" content=\"Na segunda quinzena do m\u00eas de abril, abre a primeira fase da bilheteira Andan\u00e7as, para aquisi\u00e7\u00e3o do Passe Geral a pre\u00e7o reduzido. Fiquem atent@s para garantirem j\u00e1 o vosso bilhete, nesta primeira fase de maior desconto! At\u00e9 agosto ser\u00e3o ainda disponibilizadas mais duas fases de venda de Passes Gerais, a pre\u00e7o reduzido. Em breve, todas\" \/>\n\t<meta name=\"robots\" content=\"max-image-preview:large\" \/>\n\t<meta name=\"author\" content=\"SuperAdminAndancas\"\/>\n\t<link rel=\"canonical\" href=\"https:\/\/www.andancas.net\/site\/2025\/04\/01\/bilheteira-andancas-abre-em-abril\/\" \/>\n\t<meta name=\"generator\" content=\"All in One SEO (AIOSEO) 5.0.1\" \/>\n\t\t<meta property=\"og:locale\" content=\"pt_PT\" \/>\n\t\t<meta property=\"og:site_name\" content=\"Andan\u00e7as -\" \/>\n\t\t<meta property=\"og:type\" content=\"article\" \/>\n\t\t<meta property=\"og:title\" content=\"Bilheteira Andan\u00e7as abre em abril! - Andan\u00e7as\" \/>\n\t\t<meta property=\"og:description\" content=\"Na segunda quinzena do m\u00eas de abril, abre a primeira fase da bilheteira Andan\u00e7as, para aquisi\u00e7\u00e3o do Passe Geral a pre\u00e7o reduzido. Fiquem atent@s para garantirem j\u00e1 o vosso bilhete, nesta primeira fase de maior desconto! At\u00e9 agosto ser\u00e3o ainda disponibilizadas mais duas fases de venda de Passes Gerais, a pre\u00e7o reduzido. Em breve, todas\" \/>\n\t\t<meta property=\"og:url\" content=\"https:\/\/www.andancas.net\/site\/2025\/04\/01\/bilheteira-andancas-abre-em-abril\/\" \/>\n\t\t<meta property=\"article:published_time\" content=\"2025-04-01T16:07:11+00:00\" \/>\n\t\t<meta property=\"article:modified_time\" content=\"2025-04-01T16:09:32+00:00\" \/>\n\t\t<meta name=\"twitter:card\" content=\"summary_large_image\" \/>\n\t\t<meta name=\"twitter:title\" content=\"Bilheteira Andan\u00e7as abre em abril! - Andan\u00e7as\" \/>\n\t\t<meta name=\"twitter:description\" content=\"Na segunda quinzena do m\u00eas de abril, abre a primeira fase da bilheteira Andan\u00e7as, para aquisi\u00e7\u00e3o do Passe Geral a pre\u00e7o reduzido. Fiquem atent@s para garantirem j\u00e1 o vosso bilhete, nesta primeira fase de maior desconto! At\u00e9 agosto ser\u00e3o ainda disponibilizadas mais duas fases de venda de Passes Gerais, a pre\u00e7o reduzido. Em breve, todas\" \/>\n\t\t<script type=\"application\/ld+json\" class=\"aioseo-schema\">\n\t\t\t{\"@context\":\"https:\\\/\\\/schema.org\",\"@graph\":[{\"@type\":\"BlogPosting\",\"@id\":\"https:\\\/\\\/www.andancas.net\\\/site\\\/2025\\\/04\\\/01\\\/bilheteira-andancas-abre-em-abril\\\/#blogposting\",\"name\":\"Bilheteira Andan\\u00e7as abre em abril! - Andan\\u00e7as\",\"headline\":\"Bilheteira Andan\\u00e7as abre em abril!\",\"author\":{\"@id\":\"https:\\\/\\\/www.andancas.net\\\/site\\\/author\\\/superadminandancas\\\/#author\"},\"publisher\":{\"@id\":\"https:\\\/\\\/www.andancas.net\\\/site\\\/#organization\"},\"image\":{\"@type\":\"ImageObject\",\"url\":\"https:\\\/\\\/www.andancas.net\\\/site\\\/wp-content\\\/uploads\\\/2025\\\/04\\\/MG_7217.jpg\",\"width\":1800,\"height\":1200},\"datePublished\":\"2025-04-01T16:07:11+00:00\",\"dateModified\":\"2025-04-01T16:09:32+00:00\",\"inLanguage\":\"pt-PT\",\"mainEntityOfPage\":{\"@id\":\"https:\\\/\\\/www.andancas.net\\\/site\\\/2025\\\/04\\\/01\\\/bilheteira-andancas-abre-em-abril\\\/#webpage\"},\"isPartOf\":{\"@id\":\"https:\\\/\\\/www.andancas.net\\\/site\\\/2025\\\/04\\\/01\\\/bilheteira-andancas-abre-em-abril\\\/#webpage\"},\"articleSection\":\"Sem categoria, Portugu\\u00eas\"},{\"@type\":\"BreadcrumbList\",\"@id\":\"https:\\\/\\\/www.andancas.net\\\/site\\\/2025\\\/04\\\/01\\\/bilheteira-andancas-abre-em-abril\\\/#breadcrumblist\",\"itemListElement\":[{\"@type\":\"ListItem\",\"@id\":\"https:\\\/\\\/www.andancas.net\\\/site#listItem\",\"position\":1,\"name\":\"Home\",\"item\":\"https:\\\/\\\/www.andancas.net\\\/site\",\"nextItem\":{\"@type\":\"ListItem\",\"@id\":\"https:\\\/\\\/www.andancas.net\\\/site\\\/category\\\/sem-categoria\\\/#listItem\",\"name\":\"Sem categoria\"}},{\"@type\":\"ListItem\",\"@id\":\"https:\\\/\\\/www.andancas.net\\\/site\\\/category\\\/sem-categoria\\\/#listItem\",\"position\":2,\"name\":\"Sem categoria\",\"item\":\"https:\\\/\\\/www.andancas.net\\\/site\\\/category\\\/sem-categoria\\\/\",\"nextItem\":{\"@type\":\"ListItem\",\"@id\":\"https:\\\/\\\/www.andancas.net\\\/site\\\/2025\\\/04\\\/01\\\/bilheteira-andancas-abre-em-abril\\\/#listItem\",\"name\":\"Bilheteira Andan\\u00e7as abre em abril!\"},\"previousItem\":{\"@type\":\"ListItem\",\"@id\":\"https:\\\/\\\/www.andancas.net\\\/site#listItem\",\"name\":\"Home\"}},{\"@type\":\"ListItem\",\"@id\":\"https:\\\/\\\/www.andancas.net\\\/site\\\/2025\\\/04\\\/01\\\/bilheteira-andancas-abre-em-abril\\\/#listItem\",\"position\":3,\"name\":\"Bilheteira Andan\\u00e7as abre em abril!\",\"previousItem\":{\"@type\":\"ListItem\",\"@id\":\"https:\\\/\\\/www.andancas.net\\\/site\\\/category\\\/sem-categoria\\\/#listItem\",\"name\":\"Sem categoria\"}}]},{\"@type\":\"Organization\",\"@id\":\"https:\\\/\\\/www.andancas.net\\\/site\\\/#organization\",\"name\":\"Andan\\u00e7as\",\"url\":\"https:\\\/\\\/www.andancas.net\\\/site\\\/\"},{\"@type\":\"Person\",\"@id\":\"https:\\\/\\\/www.andancas.net\\\/site\\\/author\\\/superadminandancas\\\/#author\",\"url\":\"https:\\\/\\\/www.andancas.net\\\/site\\\/author\\\/superadminandancas\\\/\",\"name\":\"SuperAdminAndancas\",\"image\":{\"@type\":\"ImageObject\",\"@id\":\"https:\\\/\\\/www.andancas.net\\\/site\\\/2025\\\/04\\\/01\\\/bilheteira-andancas-abre-em-abril\\\/#authorImage\",\"url\":\"https:\\\/\\\/secure.gravatar.com\\\/avatar\\\/7c5df3e493df7c75d62c64f7f220d0afbc8179289d5d4e6329f5444fde1d842b?s=96&d=mm&r=g\",\"width\":96,\"height\":96,\"caption\":\"SuperAdminAndancas\"}},{\"@type\":\"WebPage\",\"@id\":\"https:\\\/\\\/www.andancas.net\\\/site\\\/2025\\\/04\\\/01\\\/bilheteira-andancas-abre-em-abril\\\/#webpage\",\"url\":\"https:\\\/\\\/www.andancas.net\\\/site\\\/2025\\\/04\\\/01\\\/bilheteira-andancas-abre-em-abril\\\/\",\"name\":\"Bilheteira Andan\\u00e7as abre em abril! - Andan\\u00e7as\",\"description\":\"Na segunda quinzena do m\\u00eas de abril, abre a primeira fase da bilheteira Andan\\u00e7as, para aquisi\\u00e7\\u00e3o do Passe Geral a pre\\u00e7o reduzido. Fiquem atent@s para garantirem j\\u00e1 o vosso bilhete, nesta primeira fase de maior desconto! At\\u00e9 agosto ser\\u00e3o ainda disponibilizadas mais duas fases de venda de Passes Gerais, a pre\\u00e7o reduzido. Em breve, todas\",\"inLanguage\":\"pt-PT\",\"isPartOf\":{\"@id\":\"https:\\\/\\\/www.andancas.net\\\/site\\\/#website\"},\"breadcrumb\":{\"@id\":\"https:\\\/\\\/www.andancas.net\\\/site\\\/2025\\\/04\\\/01\\\/bilheteira-andancas-abre-em-abril\\\/#breadcrumblist\"},\"author\":{\"@id\":\"https:\\\/\\\/www.andancas.net\\\/site\\\/author\\\/superadminandancas\\\/#author\"},\"creator\":{\"@id\":\"https:\\\/\\\/www.andancas.net\\\/site\\\/author\\\/superadminandancas\\\/#author\"},\"image\":{\"@type\":\"ImageObject\",\"url\":\"https:\\\/\\\/www.andancas.net\\\/site\\\/wp-content\\\/uploads\\\/2025\\\/04\\\/MG_7217.jpg\",\"@id\":\"https:\\\/\\\/www.andancas.net\\\/site\\\/2025\\\/04\\\/01\\\/bilheteira-andancas-abre-em-abril\\\/#mainImage\",\"width\":1800,\"height\":1200},\"primaryImageOfPage\":{\"@id\":\"https:\\\/\\\/www.andancas.net\\\/site\\\/2025\\\/04\\\/01\\\/bilheteira-andancas-abre-em-abril\\\/#mainImage\"},\"datePublished\":\"2025-04-01T16:07:11+00:00\",\"dateModified\":\"2025-04-01T16:09:32+00:00\"},{\"@type\":\"WebSite\",\"@id\":\"https:\\\/\\\/www.andancas.net\\\/site\\\/#website\",\"url\":\"https:\\\/\\\/www.andancas.net\\\/site\\\/\",\"name\":\"Andan\\u00e7as\",\"inLanguage\":\"pt-PT\",\"publisher\":{\"@id\":\"https:\\\/\\\/www.andancas.net\\\/site\\\/#organization\"}}]}\n\t\t<\/script>\n\t\t<!-- All in One SEO -->\n\n","aioseo_head_json":{"title":"Bilheteira Andan\u00e7as abre em abril! - Andan\u00e7as","description":"Na segunda quinzena do m\u00eas de abril, abre a primeira fase da bilheteira Andan\u00e7as, para aquisi\u00e7\u00e3o do Passe Geral a pre\u00e7o reduzido. Fiquem atent@s para garantirem j\u00e1 o vosso bilhete, nesta primeira fase de maior desconto! At\u00e9 agosto ser\u00e3o ainda disponibilizadas mais duas fases de venda de Passes Gerais, a pre\u00e7o reduzido. Em breve, todas","canonical_url":"https:\/\/www.andancas.net\/site\/2025\/04\/01\/bilheteira-andancas-abre-em-abril\/","robots":"max-image-preview:large","keywords":"","webmasterTools":{"miscellaneous":""},"schema":{"@context":"https:\/\/schema.org","@graph":[{"@type":"BlogPosting","@id":"https:\/\/www.andancas.net\/site\/2025\/04\/01\/bilheteira-andancas-abre-em-abril\/#blogposting","name":"Bilheteira Andan\u00e7as abre em abril! - Andan\u00e7as","headline":"Bilheteira Andan\u00e7as abre em abril!","author":{"@id":"https:\/\/www.andancas.net\/site\/author\/superadminandancas\/#author"},"publisher":{"@id":"https:\/\/www.andancas.net\/site\/#organization"},"image":{"@type":"ImageObject","url":"https:\/\/www.andancas.net\/site\/wp-content\/uploads\/2025\/04\/MG_7217.jpg","width":1800,"height":1200},"datePublished":"2025-04-01T16:07:11+00:00","dateModified":"2025-04-01T16:09:32+00:00","inLanguage":"pt-PT","mainEntityOfPage":{"@id":"https:\/\/www.andancas.net\/site\/2025\/04\/01\/bilheteira-andancas-abre-em-abril\/#webpage"},"isPartOf":{"@id":"https:\/\/www.andancas.net\/site\/2025\/04\/01\/bilheteira-andancas-abre-em-abril\/#webpage"},"articleSection":"Sem categoria, Portugu\u00eas"},{"@type":"BreadcrumbList","@id":"https:\/\/www.andancas.net\/site\/2025\/04\/01\/bilheteira-andancas-abre-em-abril\/#breadcrumblist","itemListElement":[{"@type":"ListItem","@id":"https:\/\/www.andancas.net\/site#listItem","position":1,"name":"Home","item":"https:\/\/www.andancas.net\/site","nextItem":{"@type":"ListItem","@id":"https:\/\/www.andancas.net\/site\/category\/sem-categoria\/#listItem","name":"Sem categoria"}},{"@type":"ListItem","@id":"https:\/\/www.andancas.net\/site\/category\/sem-categoria\/#listItem","position":2,"name":"Sem categoria","item":"https:\/\/www.andancas.net\/site\/category\/sem-categoria\/","nextItem":{"@type":"ListItem","@id":"https:\/\/www.andancas.net\/site\/2025\/04\/01\/bilheteira-andancas-abre-em-abril\/#listItem","name":"Bilheteira Andan\u00e7as abre em abril!"},"previousItem":{"@type":"ListItem","@id":"https:\/\/www.andancas.net\/site#listItem","name":"Home"}},{"@type":"ListItem","@id":"https:\/\/www.andancas.net\/site\/2025\/04\/01\/bilheteira-andancas-abre-em-abril\/#listItem","position":3,"name":"Bilheteira Andan\u00e7as abre em abril!","previousItem":{"@type":"ListItem","@id":"https:\/\/www.andancas.net\/site\/category\/sem-categoria\/#listItem","name":"Sem categoria"}}]},{"@type":"Organization","@id":"https:\/\/www.andancas.net\/site\/#organization","name":"Andan\u00e7as","url":"https:\/\/www.andancas.net\/site\/"},{"@type":"Person","@id":"https:\/\/www.andancas.net\/site\/author\/superadminandancas\/#author","url":"https:\/\/www.andancas.net\/site\/author\/superadminandancas\/","name":"SuperAdminAndancas","image":{"@type":"ImageObject","@id":"https:\/\/www.andancas.net\/site\/2025\/04\/01\/bilheteira-andancas-abre-em-abril\/#authorImage","url":"https:\/\/secure.gravatar.com\/avatar\/7c5df3e493df7c75d62c64f7f220d0afbc8179289d5d4e6329f5444fde1d842b?s=96&d=mm&r=g","width":96,"height":96,"caption":"SuperAdminAndancas"}},{"@type":"WebPage","@id":"https:\/\/www.andancas.net\/site\/2025\/04\/01\/bilheteira-andancas-abre-em-abril\/#webpage","url":"https:\/\/www.andancas.net\/site\/2025\/04\/01\/bilheteira-andancas-abre-em-abril\/","name":"Bilheteira Andan\u00e7as abre em abril! - Andan\u00e7as","description":"Na segunda quinzena do m\u00eas de abril, abre a primeira fase da bilheteira Andan\u00e7as, para aquisi\u00e7\u00e3o do Passe Geral a pre\u00e7o reduzido. Fiquem atent@s para garantirem j\u00e1 o vosso bilhete, nesta primeira fase de maior desconto! At\u00e9 agosto ser\u00e3o ainda disponibilizadas mais duas fases de venda de Passes Gerais, a pre\u00e7o reduzido. Em breve, todas","inLanguage":"pt-PT","isPartOf":{"@id":"https:\/\/www.andancas.net\/site\/#website"},"breadcrumb":{"@id":"https:\/\/www.andancas.net\/site\/2025\/04\/01\/bilheteira-andancas-abre-em-abril\/#breadcrumblist"},"author":{"@id":"https:\/\/www.andancas.net\/site\/author\/superadminandancas\/#author"},"creator":{"@id":"https:\/\/www.andancas.net\/site\/author\/superadminandancas\/#author"},"image":{"@type":"ImageObject","url":"https:\/\/www.andancas.net\/site\/wp-content\/uploads\/2025\/04\/MG_7217.jpg","@id":"https:\/\/www.andancas.net\/site\/2025\/04\/01\/bilheteira-andancas-abre-em-abril\/#mainImage","width":1800,"height":1200},"primaryImageOfPage":{"@id":"https:\/\/www.andancas.net\/site\/2025\/04\/01\/bilheteira-andancas-abre-em-abril\/#mainImage"},"datePublished":"2025-04-01T16:07:11+00:00","dateModified":"2025-04-01T16:09:32+00:00"},{"@type":"WebSite","@id":"https:\/\/www.andancas.net\/site\/#website","url":"https:\/\/www.andancas.net\/site\/","name":"Andan\u00e7as","inLanguage":"pt-PT","publisher":{"@id":"https:\/\/www.andancas.net\/site\/#organization"}}]},"og:locale":"pt_PT","og:site_name":"Andan\u00e7as -","og:type":"article","og:title":"Bilheteira Andan\u00e7as abre em abril! - Andan\u00e7as","og:description":"Na segunda quinzena do m\u00eas de abril, abre a primeira fase da bilheteira Andan\u00e7as, para aquisi\u00e7\u00e3o do Passe Geral a pre\u00e7o reduzido. Fiquem atent@s para garantirem j\u00e1 o vosso bilhete, nesta primeira fase de maior desconto! At\u00e9 agosto ser\u00e3o ainda disponibilizadas mais duas fases de venda de Passes Gerais, a pre\u00e7o reduzido. Em breve, todas","og:url":"https:\/\/www.andancas.net\/site\/2025\/04\/01\/bilheteira-andancas-abre-em-abril\/","article:published_time":"2025-04-01T16:07:11+00:00","article:modified_time":"2025-04-01T16:09:32+00:00","twitter:card":"summary_large_image","twitter:title":"Bilheteira Andan\u00e7as abre em abril! - Andan\u00e7as","twitter:description":"Na segunda quinzena do m\u00eas de abril, abre a primeira fase da bilheteira Andan\u00e7as, para aquisi\u00e7\u00e3o do Passe Geral a pre\u00e7o reduzido. Fiquem atent@s para garantirem j\u00e1 o vosso bilhete, nesta primeira fase de maior desconto! At\u00e9 agosto ser\u00e3o ainda disponibilizadas mais duas fases de venda de Passes Gerais, a pre\u00e7o reduzido. Em breve, todas"},"aioseo_meta_data":[],"aioseo_breadcrumb":"<div class=\"aioseo-breadcrumbs\"><span class=\"aioseo-breadcrumb\">\n\t\t\t<a href=\"https:\/\/www.andancas.net\/site\" title=\"Home\">Home<\/a>\n\t\t<\/span><span class=\"aioseo-breadcrumb-separator\">&raquo;<\/span><span class=\"aioseo-breadcrumb\">\n\t\t\t<a href=\"https:\/\/www.andancas.net\/site\/category\/sem-categoria\/\" title=\"Sem categoria\">Sem categoria<\/a>\n\t\t<\/span><span class=\"aioseo-breadcrumb-separator\">&raquo;<\/span><span class=\"aioseo-breadcrumb\">\n\t\t\tBilheteira Andan\u00e7as abre em abril!\n\t\t<\/span><\/div>","aioseo_breadcrumb_json":[{"label":"Home","link":"https:\/\/www.andancas.net\/site"},{"label":"Sem categoria","link":"https:\/\/www.andancas.net\/site\/category\/sem-categoria\/"},{"label":"Bilheteira Andan\u00e7as abre em abril!","link":"https:\/\/www.andancas.net\/site\/2025\/04\/01\/bilheteira-andancas-abre-em-abril\/"}],"_links":{"self":[{"href":"https:\/\/www.andancas.net\/site\/wp-json\/wp\/v2\/posts\/8515","targetHints":{"allow":["GET"]}}],"collection":[{"href":"https:\/\/www.andancas.net\/site\/wp-json\/wp\/v2\/posts"}],"about":[{"href":"https:\/\/www.andancas.net\/site\/wp-json\/wp\/v2\/types\/post"}],"author":[{"embeddable":true,"href":"https:\/\/www.andancas.net\/site\/wp-json\/wp\/v2\/users\/1"}],"replies":[{"embeddable":true,"href":"https:\/\/www.andancas.net\/site\/wp-json\/wp\/v2\/comments?post=8515"}],"version-history":[{"count":0,"href":"https:\/\/www.andancas.net\/site\/wp-json\/wp\/v2\/posts\/8515\/revisions"}],"wp:featuredmedia":[{"embeddable":true,"href":"https:\/\/www.andancas.net\/site\/wp-json\/wp\/v2\/media\/8516"}],"wp:attachment":[{"href":"https:\/\/www.andancas.net\/site\/wp-json\/wp\/v2\/media?parent=8515"}],"wp:term":[{"taxonomy":"category","embeddable":true,"href":"https:\/\/www.andancas.net\/site\/wp-json\/wp\/v2\/categories?post=8515"},{"taxonomy":"post_tag","embeddable":true,"href":"https:\/\/www.andancas.net\/site\/wp-json\/wp\/v2\/tags?post=8515"}],"curies":[{"name":"wp","href":"https:\/\/api.w.org\/{rel}","templated":true}]}}