{"id":8226,"date":"2025-02-06T15:40:50","date_gmt":"2025-02-06T15:40:50","guid":{"rendered":"http:\/\/www.andancas.net\/site\/?p=8226"},"modified":"2025-04-16T10:52:30","modified_gmt":"2025-04-16T10:52:30","slug":"andancas-presente-no-inicio-oficial-do-projeto-solitribes","status":"publish","type":"post","link":"https:\/\/www.andancas.net\/site\/2025\/02\/06\/andancas-presente-no-inicio-oficial-do-projeto-solitribes\/","title":{"rendered":"Andan\u00e7as presente no in\u00edcio oficial do projeto SoilTribes"},"content":{"rendered":"\t\t<div data-elementor-type=\"wp-post\" data-elementor-id=\"8226\" class=\"elementor elementor-8226\" data-elementor-settings=\"{&quot;ha_cmc_init_switcher&quot;:&quot;no&quot;}\">\n\t\t\t\t<div class=\"elementor-element elementor-element-2c91a765 e-flex e-con-boxed e-con e-parent\" data-id=\"2c91a765\" data-element_type=\"container\" data-e-type=\"container\" data-settings=\"{&quot;_ha_eqh_enable&quot;:false}\">\n\t\t\t\t\t<div class=\"e-con-inner\">\n\t\t\t\t<div class=\"elementor-element elementor-element-5bbd6e00 elementor-widget elementor-widget-text-editor\" data-id=\"5bbd6e00\" data-element_type=\"widget\" data-e-type=\"widget\" data-widget_type=\"text-editor.default\">\n\t\t\t\t<div class=\"elementor-widget-container\">\n\t\t\t\t\t\t\t\t\t<p><strong>O projeto <a href=\"https:\/\/inova.business\/casos-de-sucesso\/soiltribes-missao-solo\/\" target=\"_blank\" rel=\"noopener\">SoilTribes<\/a> come\u00e7ou oficialmente!<\/strong><\/p><p>A <a href=\"http:\/\/www.pedexumbo.com\" target=\"_blank\" rel=\"noopener\"><strong>P\u00e9deXumbo<\/strong><\/a> e o resto do cons\u00f3rcio SoilTribes lan\u00e7aram com sucesso o projeto SoilTribes na reuni\u00e3o de Kick-Off realizada nos dias 21 e 22 de Janeiro de 2025. Este evento reuniu todos os parceiros do projeto para iniciar esta colabora\u00e7\u00e3o e lan\u00e7ar as bases para um trabalho impactante.<\/p><p><strong>O projeto SoilTribes pretende ajudar a alcan\u00e7ar, at\u00e9 2050, uma sociedade com impacto neutro no clima, onde as amea\u00e7as sejam reduzidas a n\u00edveis que j\u00e1 n\u00e3o sejam considerados prejudiciais para a sa\u00fade humana e para os ecossistemas naturais.<\/strong><br \/>A reuni\u00e3o de dois dias serviu como plataforma para:<br \/>\u2192Apresentar os membros do cons\u00f3rcio e as suas fun\u00e7\u00f5es.<br \/>\u2192Descrever os objetivos e o cronograma do projeto, bem como os principais resultados a alcan\u00e7ar.<br \/>\u2192Promover a colabora\u00e7\u00e3o e preparar bases para parcerias impactantes.<\/p><p>A P\u00e9deXumbo orgulha-se de contribuir para este projeto transformador e espera apoiar o seu sucesso.<br \/>Fiquem atentos pois iremos partilhar mais sobre o nosso envolvimento nesta iniciativa impactante!<\/p><p><strong>Mais informa\u00e7\u00e3o:<\/strong><br \/><strong><a href=\"https:\/\/inova.business\/casos-de-sucesso\/soiltribes-missao-solo\/\" target=\"_blank\" rel=\"noopener\">https:\/\/inova.business\/casos-de-sucesso\/soiltribes-missao-solo\/<\/a><\/strong><\/p>\t\t\t\t\t\t\t\t<\/div>\n\t\t\t\t<\/div>\n\t\t\t\t\t<\/div>\n\t\t\t\t<\/div>\n\t\t\t\t<\/div>\n\t\t","protected":false},"excerpt":{"rendered":"<p>O projeto SoilTribes come\u00e7ou oficialmente! A P\u00e9deXumbo e o resto do cons\u00f3rcio SoilTribes lan\u00e7aram com sucesso o projeto SoilTribes na reuni\u00e3o de Kick-Off realizada nos dias 21 e 22 de Janeiro de 2025. Este evento reuniu todos os parceiros do projeto para iniciar esta colabora\u00e7\u00e3o e lan\u00e7ar as bases para um trabalho impactante. O projeto <a href=\"https:\/\/www.andancas.net\/site\/2025\/02\/06\/andancas-presente-no-inicio-oficial-do-projeto-solitribes\/\" class=\"more-link\">&#8230;<span class=\"screen-reader-text\">  Andan\u00e7as presente no in\u00edcio oficial do projeto SoilTribes<\/span><\/a><\/p>\n","protected":false},"author":1,"featured_media":8227,"comment_status":"closed","ping_status":"closed","sticky":false,"template":"","format":"standard","meta":{"_uf_show_specific_survey":0,"_uf_disable_surveys":false,"footnotes":""},"categories":[81,94,188,163],"tags":[],"class_list":["post-8226","post","type-post","status-publish","format-standard","has-post-thumbnail","hentry","category-parceiros","category-partners","category-soiltribes","category-sustentabilidade"],"aioseo_notices":[],"aioseo_head":"\n\t\t<!-- All in One SEO 5.0.1 - aioseo.com -->\n\t<meta name=\"description\" content=\"O projeto SoilTribes come\u00e7ou oficialmente!A P\u00e9deXumbo e o resto do cons\u00f3rcio SoilTribes lan\u00e7aram com sucesso o projeto SoilTribes na reuni\u00e3o de Kick-Off realizada nos dias 21 e 22 de Janeiro de 2025. Este evento reuniu todos os parceiros do projeto para iniciar esta colabora\u00e7\u00e3o e lan\u00e7ar as bases para um trabalho impactante.O projeto SoilTribes pretende\" \/>\n\t<meta name=\"robots\" content=\"max-image-preview:large\" \/>\n\t<meta name=\"author\" content=\"SuperAdminAndancas\"\/>\n\t<link rel=\"canonical\" href=\"https:\/\/www.andancas.net\/site\/2025\/02\/06\/andancas-presente-no-inicio-oficial-do-projeto-solitribes\/\" \/>\n\t<meta name=\"generator\" content=\"All in One SEO (AIOSEO) 5.0.1\" \/>\n\t\t<meta property=\"og:locale\" content=\"pt_PT\" \/>\n\t\t<meta property=\"og:site_name\" content=\"Andan\u00e7as -\" \/>\n\t\t<meta property=\"og:type\" content=\"article\" \/>\n\t\t<meta property=\"og:title\" content=\"Andan\u00e7as presente no in\u00edcio oficial do projeto SoilTribes - Andan\u00e7as\" \/>\n\t\t<meta property=\"og:description\" content=\"O projeto SoilTribes come\u00e7ou oficialmente!A P\u00e9deXumbo e o resto do cons\u00f3rcio SoilTribes lan\u00e7aram com sucesso o projeto SoilTribes na reuni\u00e3o de Kick-Off realizada nos dias 21 e 22 de Janeiro de 2025. Este evento reuniu todos os parceiros do projeto para iniciar esta colabora\u00e7\u00e3o e lan\u00e7ar as bases para um trabalho impactante.O projeto SoilTribes pretende\" \/>\n\t\t<meta property=\"og:url\" content=\"https:\/\/www.andancas.net\/site\/2025\/02\/06\/andancas-presente-no-inicio-oficial-do-projeto-solitribes\/\" \/>\n\t\t<meta property=\"article:published_time\" content=\"2025-02-06T15:40:50+00:00\" \/>\n\t\t<meta property=\"article:modified_time\" content=\"2025-04-16T10:52:30+00:00\" \/>\n\t\t<meta name=\"twitter:card\" content=\"summary_large_image\" \/>\n\t\t<meta name=\"twitter:title\" content=\"Andan\u00e7as presente no in\u00edcio oficial do projeto SoilTribes - Andan\u00e7as\" \/>\n\t\t<meta name=\"twitter:description\" content=\"O projeto SoilTribes come\u00e7ou oficialmente!A P\u00e9deXumbo e o resto do cons\u00f3rcio SoilTribes lan\u00e7aram com sucesso o projeto SoilTribes na reuni\u00e3o de Kick-Off realizada nos dias 21 e 22 de Janeiro de 2025. Este evento reuniu todos os parceiros do projeto para iniciar esta colabora\u00e7\u00e3o e lan\u00e7ar as bases para um trabalho impactante.O projeto SoilTribes pretende\" \/>\n\t\t<script type=\"application\/ld+json\" class=\"aioseo-schema\">\n\t\t\t{\"@context\":\"https:\\\/\\\/schema.org\",\"@graph\":[{\"@type\":\"BlogPosting\",\"@id\":\"https:\\\/\\\/www.andancas.net\\\/site\\\/2025\\\/02\\\/06\\\/andancas-presente-no-inicio-oficial-do-projeto-solitribes\\\/#blogposting\",\"name\":\"Andan\\u00e7as presente no in\\u00edcio oficial do projeto SoilTribes - Andan\\u00e7as\",\"headline\":\"Andan\\u00e7as presente no in\\u00edcio oficial do projeto SoilTribes\",\"author\":{\"@id\":\"https:\\\/\\\/www.andancas.net\\\/site\\\/author\\\/superadminandancas\\\/#author\"},\"publisher\":{\"@id\":\"https:\\\/\\\/www.andancas.net\\\/site\\\/#organization\"},\"image\":{\"@type\":\"ImageObject\",\"url\":\"https:\\\/\\\/www.andancas.net\\\/site\\\/wp-content\\\/uploads\\\/2025\\\/02\\\/soiltribes-imagem.png\",\"width\":2429,\"height\":1665},\"datePublished\":\"2025-02-06T15:40:50+00:00\",\"dateModified\":\"2025-04-16T10:52:30+00:00\",\"inLanguage\":\"pt-PT\",\"mainEntityOfPage\":{\"@id\":\"https:\\\/\\\/www.andancas.net\\\/site\\\/2025\\\/02\\\/06\\\/andancas-presente-no-inicio-oficial-do-projeto-solitribes\\\/#webpage\"},\"isPartOf\":{\"@id\":\"https:\\\/\\\/www.andancas.net\\\/site\\\/2025\\\/02\\\/06\\\/andancas-presente-no-inicio-oficial-do-projeto-solitribes\\\/#webpage\"},\"articleSection\":\"Parceiros, Partners, SoilTribes, sustentabilidade, Portugu\\u00eas, pll_67a4d858de6ce\"},{\"@type\":\"BreadcrumbList\",\"@id\":\"https:\\\/\\\/www.andancas.net\\\/site\\\/2025\\\/02\\\/06\\\/andancas-presente-no-inicio-oficial-do-projeto-solitribes\\\/#breadcrumblist\",\"itemListElement\":[{\"@type\":\"ListItem\",\"@id\":\"https:\\\/\\\/www.andancas.net\\\/site#listItem\",\"position\":1,\"name\":\"Home\",\"item\":\"https:\\\/\\\/www.andancas.net\\\/site\",\"nextItem\":{\"@type\":\"ListItem\",\"@id\":\"https:\\\/\\\/www.andancas.net\\\/site\\\/category\\\/parceiros\\\/#listItem\",\"name\":\"Parceiros\"}},{\"@type\":\"ListItem\",\"@id\":\"https:\\\/\\\/www.andancas.net\\\/site\\\/category\\\/parceiros\\\/#listItem\",\"position\":2,\"name\":\"Parceiros\",\"item\":\"https:\\\/\\\/www.andancas.net\\\/site\\\/category\\\/parceiros\\\/\",\"nextItem\":{\"@type\":\"ListItem\",\"@id\":\"https:\\\/\\\/www.andancas.net\\\/site\\\/2025\\\/02\\\/06\\\/andancas-presente-no-inicio-oficial-do-projeto-solitribes\\\/#listItem\",\"name\":\"Andan\\u00e7as presente no in\\u00edcio oficial do projeto SoilTribes\"},\"previousItem\":{\"@type\":\"ListItem\",\"@id\":\"https:\\\/\\\/www.andancas.net\\\/site#listItem\",\"name\":\"Home\"}},{\"@type\":\"ListItem\",\"@id\":\"https:\\\/\\\/www.andancas.net\\\/site\\\/2025\\\/02\\\/06\\\/andancas-presente-no-inicio-oficial-do-projeto-solitribes\\\/#listItem\",\"position\":3,\"name\":\"Andan\\u00e7as presente no in\\u00edcio oficial do projeto SoilTribes\",\"previousItem\":{\"@type\":\"ListItem\",\"@id\":\"https:\\\/\\\/www.andancas.net\\\/site\\\/category\\\/parceiros\\\/#listItem\",\"name\":\"Parceiros\"}}]},{\"@type\":\"Organization\",\"@id\":\"https:\\\/\\\/www.andancas.net\\\/site\\\/#organization\",\"name\":\"Andan\\u00e7as\",\"url\":\"https:\\\/\\\/www.andancas.net\\\/site\\\/\"},{\"@type\":\"Person\",\"@id\":\"https:\\\/\\\/www.andancas.net\\\/site\\\/author\\\/superadminandancas\\\/#author\",\"url\":\"https:\\\/\\\/www.andancas.net\\\/site\\\/author\\\/superadminandancas\\\/\",\"name\":\"SuperAdminAndancas\",\"image\":{\"@type\":\"ImageObject\",\"@id\":\"https:\\\/\\\/www.andancas.net\\\/site\\\/2025\\\/02\\\/06\\\/andancas-presente-no-inicio-oficial-do-projeto-solitribes\\\/#authorImage\",\"url\":\"https:\\\/\\\/secure.gravatar.com\\\/avatar\\\/7c5df3e493df7c75d62c64f7f220d0afbc8179289d5d4e6329f5444fde1d842b?s=96&d=mm&r=g\",\"width\":96,\"height\":96,\"caption\":\"SuperAdminAndancas\"}},{\"@type\":\"WebPage\",\"@id\":\"https:\\\/\\\/www.andancas.net\\\/site\\\/2025\\\/02\\\/06\\\/andancas-presente-no-inicio-oficial-do-projeto-solitribes\\\/#webpage\",\"url\":\"https:\\\/\\\/www.andancas.net\\\/site\\\/2025\\\/02\\\/06\\\/andancas-presente-no-inicio-oficial-do-projeto-solitribes\\\/\",\"name\":\"Andan\\u00e7as presente no in\\u00edcio oficial do projeto SoilTribes - Andan\\u00e7as\",\"description\":\"O projeto SoilTribes come\\u00e7ou oficialmente!A P\\u00e9deXumbo e o resto do cons\\u00f3rcio SoilTribes lan\\u00e7aram com sucesso o projeto SoilTribes na reuni\\u00e3o de Kick-Off realizada nos dias 21 e 22 de Janeiro de 2025. Este evento reuniu todos os parceiros do projeto para iniciar esta colabora\\u00e7\\u00e3o e lan\\u00e7ar as bases para um trabalho impactante.O projeto SoilTribes pretende\",\"inLanguage\":\"pt-PT\",\"isPartOf\":{\"@id\":\"https:\\\/\\\/www.andancas.net\\\/site\\\/#website\"},\"breadcrumb\":{\"@id\":\"https:\\\/\\\/www.andancas.net\\\/site\\\/2025\\\/02\\\/06\\\/andancas-presente-no-inicio-oficial-do-projeto-solitribes\\\/#breadcrumblist\"},\"author\":{\"@id\":\"https:\\\/\\\/www.andancas.net\\\/site\\\/author\\\/superadminandancas\\\/#author\"},\"creator\":{\"@id\":\"https:\\\/\\\/www.andancas.net\\\/site\\\/author\\\/superadminandancas\\\/#author\"},\"image\":{\"@type\":\"ImageObject\",\"url\":\"https:\\\/\\\/www.andancas.net\\\/site\\\/wp-content\\\/uploads\\\/2025\\\/02\\\/soiltribes-imagem.png\",\"@id\":\"https:\\\/\\\/www.andancas.net\\\/site\\\/2025\\\/02\\\/06\\\/andancas-presente-no-inicio-oficial-do-projeto-solitribes\\\/#mainImage\",\"width\":2429,\"height\":1665},\"primaryImageOfPage\":{\"@id\":\"https:\\\/\\\/www.andancas.net\\\/site\\\/2025\\\/02\\\/06\\\/andancas-presente-no-inicio-oficial-do-projeto-solitribes\\\/#mainImage\"},\"datePublished\":\"2025-02-06T15:40:50+00:00\",\"dateModified\":\"2025-04-16T10:52:30+00:00\"},{\"@type\":\"WebSite\",\"@id\":\"https:\\\/\\\/www.andancas.net\\\/site\\\/#website\",\"url\":\"https:\\\/\\\/www.andancas.net\\\/site\\\/\",\"name\":\"Andan\\u00e7as\",\"inLanguage\":\"pt-PT\",\"publisher\":{\"@id\":\"https:\\\/\\\/www.andancas.net\\\/site\\\/#organization\"}}]}\n\t\t<\/script>\n\t\t<!-- All in One SEO -->\n\n","aioseo_head_json":{"title":"Andan\u00e7as presente no in\u00edcio oficial do projeto SoilTribes - Andan\u00e7as","description":"O projeto SoilTribes come\u00e7ou oficialmente!A P\u00e9deXumbo e o resto do cons\u00f3rcio SoilTribes lan\u00e7aram com sucesso o projeto SoilTribes na reuni\u00e3o de Kick-Off realizada nos dias 21 e 22 de Janeiro de 2025. Este evento reuniu todos os parceiros do projeto para iniciar esta colabora\u00e7\u00e3o e lan\u00e7ar as bases para um trabalho impactante.O projeto SoilTribes pretende","canonical_url":"https:\/\/www.andancas.net\/site\/2025\/02\/06\/andancas-presente-no-inicio-oficial-do-projeto-solitribes\/","robots":"max-image-preview:large","keywords":"","webmasterTools":{"miscellaneous":""},"schema":{"@context":"https:\/\/schema.org","@graph":[{"@type":"BlogPosting","@id":"https:\/\/www.andancas.net\/site\/2025\/02\/06\/andancas-presente-no-inicio-oficial-do-projeto-solitribes\/#blogposting","name":"Andan\u00e7as presente no in\u00edcio oficial do projeto SoilTribes - Andan\u00e7as","headline":"Andan\u00e7as presente no in\u00edcio oficial do projeto SoilTribes","author":{"@id":"https:\/\/www.andancas.net\/site\/author\/superadminandancas\/#author"},"publisher":{"@id":"https:\/\/www.andancas.net\/site\/#organization"},"image":{"@type":"ImageObject","url":"https:\/\/www.andancas.net\/site\/wp-content\/uploads\/2025\/02\/soiltribes-imagem.png","width":2429,"height":1665},"datePublished":"2025-02-06T15:40:50+00:00","dateModified":"2025-04-16T10:52:30+00:00","inLanguage":"pt-PT","mainEntityOfPage":{"@id":"https:\/\/www.andancas.net\/site\/2025\/02\/06\/andancas-presente-no-inicio-oficial-do-projeto-solitribes\/#webpage"},"isPartOf":{"@id":"https:\/\/www.andancas.net\/site\/2025\/02\/06\/andancas-presente-no-inicio-oficial-do-projeto-solitribes\/#webpage"},"articleSection":"Parceiros, Partners, SoilTribes, sustentabilidade, Portugu\u00eas, pll_67a4d858de6ce"},{"@type":"BreadcrumbList","@id":"https:\/\/www.andancas.net\/site\/2025\/02\/06\/andancas-presente-no-inicio-oficial-do-projeto-solitribes\/#breadcrumblist","itemListElement":[{"@type":"ListItem","@id":"https:\/\/www.andancas.net\/site#listItem","position":1,"name":"Home","item":"https:\/\/www.andancas.net\/site","nextItem":{"@type":"ListItem","@id":"https:\/\/www.andancas.net\/site\/category\/parceiros\/#listItem","name":"Parceiros"}},{"@type":"ListItem","@id":"https:\/\/www.andancas.net\/site\/category\/parceiros\/#listItem","position":2,"name":"Parceiros","item":"https:\/\/www.andancas.net\/site\/category\/parceiros\/","nextItem":{"@type":"ListItem","@id":"https:\/\/www.andancas.net\/site\/2025\/02\/06\/andancas-presente-no-inicio-oficial-do-projeto-solitribes\/#listItem","name":"Andan\u00e7as presente no in\u00edcio oficial do projeto SoilTribes"},"previousItem":{"@type":"ListItem","@id":"https:\/\/www.andancas.net\/site#listItem","name":"Home"}},{"@type":"ListItem","@id":"https:\/\/www.andancas.net\/site\/2025\/02\/06\/andancas-presente-no-inicio-oficial-do-projeto-solitribes\/#listItem","position":3,"name":"Andan\u00e7as presente no in\u00edcio oficial do projeto SoilTribes","previousItem":{"@type":"ListItem","@id":"https:\/\/www.andancas.net\/site\/category\/parceiros\/#listItem","name":"Parceiros"}}]},{"@type":"Organization","@id":"https:\/\/www.andancas.net\/site\/#organization","name":"Andan\u00e7as","url":"https:\/\/www.andancas.net\/site\/"},{"@type":"Person","@id":"https:\/\/www.andancas.net\/site\/author\/superadminandancas\/#author","url":"https:\/\/www.andancas.net\/site\/author\/superadminandancas\/","name":"SuperAdminAndancas","image":{"@type":"ImageObject","@id":"https:\/\/www.andancas.net\/site\/2025\/02\/06\/andancas-presente-no-inicio-oficial-do-projeto-solitribes\/#authorImage","url":"https:\/\/secure.gravatar.com\/avatar\/7c5df3e493df7c75d62c64f7f220d0afbc8179289d5d4e6329f5444fde1d842b?s=96&d=mm&r=g","width":96,"height":96,"caption":"SuperAdminAndancas"}},{"@type":"WebPage","@id":"https:\/\/www.andancas.net\/site\/2025\/02\/06\/andancas-presente-no-inicio-oficial-do-projeto-solitribes\/#webpage","url":"https:\/\/www.andancas.net\/site\/2025\/02\/06\/andancas-presente-no-inicio-oficial-do-projeto-solitribes\/","name":"Andan\u00e7as presente no in\u00edcio oficial do projeto SoilTribes - Andan\u00e7as","description":"O projeto SoilTribes come\u00e7ou oficialmente!A P\u00e9deXumbo e o resto do cons\u00f3rcio SoilTribes lan\u00e7aram com sucesso o projeto SoilTribes na reuni\u00e3o de Kick-Off realizada nos dias 21 e 22 de Janeiro de 2025. Este evento reuniu todos os parceiros do projeto para iniciar esta colabora\u00e7\u00e3o e lan\u00e7ar as bases para um trabalho impactante.O projeto SoilTribes pretende","inLanguage":"pt-PT","isPartOf":{"@id":"https:\/\/www.andancas.net\/site\/#website"},"breadcrumb":{"@id":"https:\/\/www.andancas.net\/site\/2025\/02\/06\/andancas-presente-no-inicio-oficial-do-projeto-solitribes\/#breadcrumblist"},"author":{"@id":"https:\/\/www.andancas.net\/site\/author\/superadminandancas\/#author"},"creator":{"@id":"https:\/\/www.andancas.net\/site\/author\/superadminandancas\/#author"},"image":{"@type":"ImageObject","url":"https:\/\/www.andancas.net\/site\/wp-content\/uploads\/2025\/02\/soiltribes-imagem.png","@id":"https:\/\/www.andancas.net\/site\/2025\/02\/06\/andancas-presente-no-inicio-oficial-do-projeto-solitribes\/#mainImage","width":2429,"height":1665},"primaryImageOfPage":{"@id":"https:\/\/www.andancas.net\/site\/2025\/02\/06\/andancas-presente-no-inicio-oficial-do-projeto-solitribes\/#mainImage"},"datePublished":"2025-02-06T15:40:50+00:00","dateModified":"2025-04-16T10:52:30+00:00"},{"@type":"WebSite","@id":"https:\/\/www.andancas.net\/site\/#website","url":"https:\/\/www.andancas.net\/site\/","name":"Andan\u00e7as","inLanguage":"pt-PT","publisher":{"@id":"https:\/\/www.andancas.net\/site\/#organization"}}]},"og:locale":"pt_PT","og:site_name":"Andan\u00e7as -","og:type":"article","og:title":"Andan\u00e7as presente no in\u00edcio oficial do projeto SoilTribes - Andan\u00e7as","og:description":"O projeto SoilTribes come\u00e7ou oficialmente!A P\u00e9deXumbo e o resto do cons\u00f3rcio SoilTribes lan\u00e7aram com sucesso o projeto SoilTribes na reuni\u00e3o de Kick-Off realizada nos dias 21 e 22 de Janeiro de 2025. Este evento reuniu todos os parceiros do projeto para iniciar esta colabora\u00e7\u00e3o e lan\u00e7ar as bases para um trabalho impactante.O projeto SoilTribes pretende","og:url":"https:\/\/www.andancas.net\/site\/2025\/02\/06\/andancas-presente-no-inicio-oficial-do-projeto-solitribes\/","article:published_time":"2025-02-06T15:40:50+00:00","article:modified_time":"2025-04-16T10:52:30+00:00","twitter:card":"summary_large_image","twitter:title":"Andan\u00e7as presente no in\u00edcio oficial do projeto SoilTribes - Andan\u00e7as","twitter:description":"O projeto SoilTribes come\u00e7ou oficialmente!A P\u00e9deXumbo e o resto do cons\u00f3rcio SoilTribes lan\u00e7aram com sucesso o projeto SoilTribes na reuni\u00e3o de Kick-Off realizada nos dias 21 e 22 de Janeiro de 2025. Este evento reuniu todos os parceiros do projeto para iniciar esta colabora\u00e7\u00e3o e lan\u00e7ar as bases para um trabalho impactante.O projeto SoilTribes pretende"},"aioseo_meta_data":[],"aioseo_breadcrumb":"<div class=\"aioseo-breadcrumbs\"><span class=\"aioseo-breadcrumb\">\n\t\t\t<a href=\"https:\/\/www.andancas.net\/site\" title=\"Home\">Home<\/a>\n\t\t<\/span><span class=\"aioseo-breadcrumb-separator\">&raquo;<\/span><span class=\"aioseo-breadcrumb\">\n\t\t\t<a href=\"https:\/\/www.andancas.net\/site\/category\/parceiros\/\" title=\"Parceiros\">Parceiros<\/a>\n\t\t<\/span><span class=\"aioseo-breadcrumb-separator\">&raquo;<\/span><span class=\"aioseo-breadcrumb\">\n\t\t\tAndan\u00e7as presente no in\u00edcio oficial do projeto SoilTribes\n\t\t<\/span><\/div>","aioseo_breadcrumb_json":[{"label":"Home","link":"https:\/\/www.andancas.net\/site"},{"label":"Parceiros","link":"https:\/\/www.andancas.net\/site\/category\/parceiros\/"},{"label":"Andan\u00e7as presente no in\u00edcio oficial do projeto SoilTribes","link":"https:\/\/www.andancas.net\/site\/2025\/02\/06\/andancas-presente-no-inicio-oficial-do-projeto-solitribes\/"}],"_links":{"self":[{"href":"https:\/\/www.andancas.net\/site\/wp-json\/wp\/v2\/posts\/8226","targetHints":{"allow":["GET"]}}],"collection":[{"href":"https:\/\/www.andancas.net\/site\/wp-json\/wp\/v2\/posts"}],"about":[{"href":"https:\/\/www.andancas.net\/site\/wp-json\/wp\/v2\/types\/post"}],"author":[{"embeddable":true,"href":"https:\/\/www.andancas.net\/site\/wp-json\/wp\/v2\/users\/1"}],"replies":[{"embeddable":true,"href":"https:\/\/www.andancas.net\/site\/wp-json\/wp\/v2\/comments?post=8226"}],"version-history":[{"count":0,"href":"https:\/\/www.andancas.net\/site\/wp-json\/wp\/v2\/posts\/8226\/revisions"}],"wp:featuredmedia":[{"embeddable":true,"href":"https:\/\/www.andancas.net\/site\/wp-json\/wp\/v2\/media\/8227"}],"wp:attachment":[{"href":"https:\/\/www.andancas.net\/site\/wp-json\/wp\/v2\/media?parent=8226"}],"wp:term":[{"taxonomy":"category","embeddable":true,"href":"https:\/\/www.andancas.net\/site\/wp-json\/wp\/v2\/categories?post=8226"},{"taxonomy":"post_tag","embeddable":true,"href":"https:\/\/www.andancas.net\/site\/wp-json\/wp\/v2\/tags?post=8226"}],"curies":[{"name":"wp","href":"https:\/\/api.w.org\/{rel}","templated":true}]}}