{"id":8219,"date":"2025-02-06T10:58:41","date_gmt":"2025-02-06T10:58:41","guid":{"rendered":"http:\/\/www.andancas.net\/site\/?p=8219"},"modified":"2025-02-06T15:50:54","modified_gmt":"2025-02-06T15:50:54","slug":"querem-chegar-ao-andancas-de-bicicleta-a-lisboa-possivel-e-a-cicloficina-dos-anjos-organizam-viagens-de-bicicleta-ate-ao-festival","status":"publish","type":"post","link":"https:\/\/www.andancas.net\/site\/2025\/02\/06\/querem-chegar-ao-andancas-de-bicicleta-a-lisboa-possivel-e-a-cicloficina-dos-anjos-organizam-viagens-de-bicicleta-ate-ao-festival\/","title":{"rendered":"Querem chegar ao Andan\u00e7as de bicicleta? A Lisboa Poss\u00edvel e a Cicloficina dos Anjos organizam viagens de bicicleta at\u00e9 ao festival."},"content":{"rendered":"<p>No Andan\u00e7as, a mobilidade dos participantes tem um enorme impacto ambiental. Assim, a P\u00e9deXumbo incentiva que prepararem a vossa viagem com anteced\u00eancia, escolhendo meios de transporte menos poluentes.<\/p>\n<p><strong>E porque n\u00e3o chegar ao Andan\u00e7as de bicicleta?<\/strong> A experi\u00eancia de pedalar na planic\u00ede alentejana pode ser muito bonita e ser\u00e1 uma viagem acompanhada pelos nossos parceiros\u00a0<a href=\"https:\/\/lisboapossivel.pt\/andancas\" target=\"_blank\" rel=\"noopener\"><strong>Lisboa Poss\u00edvel<\/strong><\/a>\u00a0e a\u00a0<a href=\"https:\/\/www.facebook.com\/cicloficina.anjos\" target=\"_blank\" rel=\"noopener\"><strong>Cicloficina dos Anjos,<\/strong><\/a>\u00a0que organizam\u00a0<strong>viagens de bicicleta at\u00e9 ao Campinho<\/strong>, nos dias que antecedem o festival.<\/p>\n<p>A <strong>Cicloficina dos Anjos<\/strong> volta mais um ano ao Festival Andan\u00e7as com a iniciativa <a href=\"https:\/\/www.youtube.com\/watch?v=y6DikTwRWMA\" target=\"_blank\" rel=\"noopener\">Pedalan\u00e7as <\/a>que este ano parte de Lisboa com dire\u00e7\u00e3o ao Campinho, nos dias <strong>11,12 e 13 de agosto<\/strong>! Inscri\u00e7\u00f5es e mais detalhes dispon\u00edveis em breve na p\u00e1gina da Cicloficinas dos Anjos.<\/p>\n<p>Para as \u00faltimas duas edi\u00e7\u00f5es do festival Andan\u00e7as, em 2023 e 2022, a Rita e a Ksenia, da <strong>Lisboa Poss\u00edvel<\/strong>, sa\u00edam de Lisboa de manh\u00e3 cedo, levavam as bicicletas de comboio at\u00e9 \u00c9vora e pedalavam a tarde toda at\u00e9 Campinho, no Alentejo, onde, na mesma noite, j\u00e1 estavam a aprender uns passos novos. Este ano, querem partilhar o segredo com quem quiser vir de bicicleta, num s\u00f3 dia, sem produzir gases t\u00f3xicos e sem ocupar a paisagem do festival com o pr\u00f3prio ve\u00edculo. Ainda por cima, j\u00e1 n\u00e3o \u00e9 preciso seguir o caminho de F\u00e1tima, de puro BTT, ou preocupar-se com os condutores distra\u00eddos a pensar na colheita de tomates, j\u00e1 que foi inaugurada uma ecopista desde \u00c9vora at\u00e9 Reguengos de Monsaraz, que elas v\u00e3o seguir. Subscri\u00e7\u00f5es com eco-desconto em <a href=\"https:\/\/lisboapossivel.pt\/andancas\" target=\"_blank\" rel=\"noopener\">https:\/\/lisboapossivel.pt\/andancas<\/a><\/p>\n<p>Tod@s @s participantes que se juntarem \u00e0s iniciativas destes nossos parceiros e chegarem ao festival de bicicleta\u00a0 usufruem ainda de <strong>20% de desconto na compra do passe geral.<\/strong><\/p>\n<p>&nbsp;<\/p>\n","protected":false},"excerpt":{"rendered":"<p>No Andan\u00e7as, a mobilidade dos participantes tem um enorme impacto ambiental. Assim, a P\u00e9deXumbo incentiva que prepararem a vossa viagem com anteced\u00eancia, escolhendo meios de transporte menos poluentes. E porque n\u00e3o chegar ao Andan\u00e7as de bicicleta? A experi\u00eancia de pedalar na planic\u00ede alentejana pode ser muito bonita e ser\u00e1 uma viagem acompanhada pelos nossos parceiros\u00a0Lisboa <a href=\"https:\/\/www.andancas.net\/site\/2025\/02\/06\/querem-chegar-ao-andancas-de-bicicleta-a-lisboa-possivel-e-a-cicloficina-dos-anjos-organizam-viagens-de-bicicleta-ate-ao-festival\/\" class=\"more-link\">&#8230;<span class=\"screen-reader-text\">  Querem chegar ao Andan\u00e7as de bicicleta? A Lisboa Poss\u00edvel e a Cicloficina dos Anjos organizam viagens de bicicleta at\u00e9 ao festival.<\/span><\/a><\/p>\n","protected":false},"author":1,"featured_media":8221,"comment_status":"closed","ping_status":"closed","sticky":false,"template":"","format":"standard","meta":{"_uf_show_specific_survey":0,"_uf_disable_surveys":false,"footnotes":""},"categories":[69],"tags":[],"class_list":["post-8219","post","type-post","status-publish","format-standard","has-post-thumbnail","hentry","category-como-chegar"],"aioseo_notices":[],"aioseo_head":"\n\t\t<!-- All in One SEO 5.0.1 - aioseo.com -->\n\t<meta name=\"description\" content=\"No Andan\u00e7as, a mobilidade dos participantes tem um enorme impacto ambiental. Assim, a P\u00e9deXumbo incentiva que prepararem a vossa viagem com anteced\u00eancia, escolhendo meios de transporte menos poluentes. E porque n\u00e3o chegar ao Andan\u00e7as de bicicleta? A experi\u00eancia de pedalar na planic\u00ede alentejana pode ser muito bonita e ser\u00e1 uma viagem acompanhada pelos nossos parceiros Lisboa\" \/>\n\t<meta name=\"robots\" content=\"max-image-preview:large\" \/>\n\t<meta name=\"author\" content=\"SuperAdminAndancas\"\/>\n\t<link rel=\"canonical\" href=\"https:\/\/www.andancas.net\/site\/2025\/02\/06\/querem-chegar-ao-andancas-de-bicicleta-a-lisboa-possivel-e-a-cicloficina-dos-anjos-organizam-viagens-de-bicicleta-ate-ao-festival\/\" \/>\n\t<meta name=\"generator\" content=\"All in One SEO (AIOSEO) 5.0.1\" \/>\n\t\t<meta property=\"og:locale\" content=\"pt_PT\" \/>\n\t\t<meta property=\"og:site_name\" content=\"Andan\u00e7as -\" \/>\n\t\t<meta property=\"og:type\" content=\"article\" \/>\n\t\t<meta property=\"og:title\" content=\"Querem chegar ao Andan\u00e7as de bicicleta? A Lisboa Poss\u00edvel e a Cicloficina dos Anjos organizam viagens de bicicleta at\u00e9 ao festival. - Andan\u00e7as\" \/>\n\t\t<meta property=\"og:description\" content=\"No Andan\u00e7as, a mobilidade dos participantes tem um enorme impacto ambiental. Assim, a P\u00e9deXumbo incentiva que prepararem a vossa viagem com anteced\u00eancia, escolhendo meios de transporte menos poluentes. E porque n\u00e3o chegar ao Andan\u00e7as de bicicleta? A experi\u00eancia de pedalar na planic\u00ede alentejana pode ser muito bonita e ser\u00e1 uma viagem acompanhada pelos nossos parceiros Lisboa\" \/>\n\t\t<meta property=\"og:url\" content=\"https:\/\/www.andancas.net\/site\/2025\/02\/06\/querem-chegar-ao-andancas-de-bicicleta-a-lisboa-possivel-e-a-cicloficina-dos-anjos-organizam-viagens-de-bicicleta-ate-ao-festival\/\" \/>\n\t\t<meta property=\"article:published_time\" content=\"2025-02-06T10:58:41+00:00\" \/>\n\t\t<meta property=\"article:modified_time\" content=\"2025-02-06T15:50:54+00:00\" \/>\n\t\t<meta name=\"twitter:card\" content=\"summary_large_image\" \/>\n\t\t<meta name=\"twitter:title\" content=\"Querem chegar ao Andan\u00e7as de bicicleta? A Lisboa Poss\u00edvel e a Cicloficina dos Anjos organizam viagens de bicicleta at\u00e9 ao festival. - Andan\u00e7as\" \/>\n\t\t<meta name=\"twitter:description\" content=\"No Andan\u00e7as, a mobilidade dos participantes tem um enorme impacto ambiental. Assim, a P\u00e9deXumbo incentiva que prepararem a vossa viagem com anteced\u00eancia, escolhendo meios de transporte menos poluentes. E porque n\u00e3o chegar ao Andan\u00e7as de bicicleta? A experi\u00eancia de pedalar na planic\u00ede alentejana pode ser muito bonita e ser\u00e1 uma viagem acompanhada pelos nossos parceiros Lisboa\" \/>\n\t\t<script type=\"application\/ld+json\" class=\"aioseo-schema\">\n\t\t\t{\"@context\":\"https:\\\/\\\/schema.org\",\"@graph\":[{\"@type\":\"BlogPosting\",\"@id\":\"https:\\\/\\\/www.andancas.net\\\/site\\\/2025\\\/02\\\/06\\\/querem-chegar-ao-andancas-de-bicicleta-a-lisboa-possivel-e-a-cicloficina-dos-anjos-organizam-viagens-de-bicicleta-ate-ao-festival\\\/#blogposting\",\"name\":\"Querem chegar ao Andan\\u00e7as de bicicleta? A Lisboa Poss\\u00edvel e a Cicloficina dos Anjos organizam viagens de bicicleta at\\u00e9 ao festival. - Andan\\u00e7as\",\"headline\":\"Querem chegar ao Andan\\u00e7as de bicicleta? A Lisboa Poss\\u00edvel e a Cicloficina dos Anjos organizam viagens de bicicleta at\\u00e9 ao festival.\",\"author\":{\"@id\":\"https:\\\/\\\/www.andancas.net\\\/site\\\/author\\\/superadminandancas\\\/#author\"},\"publisher\":{\"@id\":\"https:\\\/\\\/www.andancas.net\\\/site\\\/#organization\"},\"image\":{\"@type\":\"ImageObject\",\"url\":\"https:\\\/\\\/www.andancas.net\\\/site\\\/wp-content\\\/uploads\\\/2025\\\/02\\\/bicicleta-no-andancas.jpg\",\"width\":5418,\"height\":3612},\"datePublished\":\"2025-02-06T10:58:41+00:00\",\"dateModified\":\"2025-02-06T15:50:54+00:00\",\"inLanguage\":\"pt-PT\",\"mainEntityOfPage\":{\"@id\":\"https:\\\/\\\/www.andancas.net\\\/site\\\/2025\\\/02\\\/06\\\/querem-chegar-ao-andancas-de-bicicleta-a-lisboa-possivel-e-a-cicloficina-dos-anjos-organizam-viagens-de-bicicleta-ate-ao-festival\\\/#webpage\"},\"isPartOf\":{\"@id\":\"https:\\\/\\\/www.andancas.net\\\/site\\\/2025\\\/02\\\/06\\\/querem-chegar-ao-andancas-de-bicicleta-a-lisboa-possivel-e-a-cicloficina-dos-anjos-organizam-viagens-de-bicicleta-ate-ao-festival\\\/#webpage\"},\"articleSection\":\"Como Chegar, Portugu\\u00eas\"},{\"@type\":\"BreadcrumbList\",\"@id\":\"https:\\\/\\\/www.andancas.net\\\/site\\\/2025\\\/02\\\/06\\\/querem-chegar-ao-andancas-de-bicicleta-a-lisboa-possivel-e-a-cicloficina-dos-anjos-organizam-viagens-de-bicicleta-ate-ao-festival\\\/#breadcrumblist\",\"itemListElement\":[{\"@type\":\"ListItem\",\"@id\":\"https:\\\/\\\/www.andancas.net\\\/site#listItem\",\"position\":1,\"name\":\"Home\",\"item\":\"https:\\\/\\\/www.andancas.net\\\/site\",\"nextItem\":{\"@type\":\"ListItem\",\"@id\":\"https:\\\/\\\/www.andancas.net\\\/site\\\/category\\\/como-chegar\\\/#listItem\",\"name\":\"Como Chegar\"}},{\"@type\":\"ListItem\",\"@id\":\"https:\\\/\\\/www.andancas.net\\\/site\\\/category\\\/como-chegar\\\/#listItem\",\"position\":2,\"name\":\"Como Chegar\",\"item\":\"https:\\\/\\\/www.andancas.net\\\/site\\\/category\\\/como-chegar\\\/\",\"nextItem\":{\"@type\":\"ListItem\",\"@id\":\"https:\\\/\\\/www.andancas.net\\\/site\\\/2025\\\/02\\\/06\\\/querem-chegar-ao-andancas-de-bicicleta-a-lisboa-possivel-e-a-cicloficina-dos-anjos-organizam-viagens-de-bicicleta-ate-ao-festival\\\/#listItem\",\"name\":\"Querem chegar ao Andan\\u00e7as de bicicleta? A Lisboa Poss\\u00edvel e a Cicloficina dos Anjos organizam viagens de bicicleta at\\u00e9 ao festival.\"},\"previousItem\":{\"@type\":\"ListItem\",\"@id\":\"https:\\\/\\\/www.andancas.net\\\/site#listItem\",\"name\":\"Home\"}},{\"@type\":\"ListItem\",\"@id\":\"https:\\\/\\\/www.andancas.net\\\/site\\\/2025\\\/02\\\/06\\\/querem-chegar-ao-andancas-de-bicicleta-a-lisboa-possivel-e-a-cicloficina-dos-anjos-organizam-viagens-de-bicicleta-ate-ao-festival\\\/#listItem\",\"position\":3,\"name\":\"Querem chegar ao Andan\\u00e7as de bicicleta? A Lisboa Poss\\u00edvel e a Cicloficina dos Anjos organizam viagens de bicicleta at\\u00e9 ao festival.\",\"previousItem\":{\"@type\":\"ListItem\",\"@id\":\"https:\\\/\\\/www.andancas.net\\\/site\\\/category\\\/como-chegar\\\/#listItem\",\"name\":\"Como Chegar\"}}]},{\"@type\":\"Organization\",\"@id\":\"https:\\\/\\\/www.andancas.net\\\/site\\\/#organization\",\"name\":\"Andan\\u00e7as\",\"url\":\"https:\\\/\\\/www.andancas.net\\\/site\\\/\"},{\"@type\":\"Person\",\"@id\":\"https:\\\/\\\/www.andancas.net\\\/site\\\/author\\\/superadminandancas\\\/#author\",\"url\":\"https:\\\/\\\/www.andancas.net\\\/site\\\/author\\\/superadminandancas\\\/\",\"name\":\"SuperAdminAndancas\",\"image\":{\"@type\":\"ImageObject\",\"@id\":\"https:\\\/\\\/www.andancas.net\\\/site\\\/2025\\\/02\\\/06\\\/querem-chegar-ao-andancas-de-bicicleta-a-lisboa-possivel-e-a-cicloficina-dos-anjos-organizam-viagens-de-bicicleta-ate-ao-festival\\\/#authorImage\",\"url\":\"https:\\\/\\\/secure.gravatar.com\\\/avatar\\\/7c5df3e493df7c75d62c64f7f220d0afbc8179289d5d4e6329f5444fde1d842b?s=96&d=mm&r=g\",\"width\":96,\"height\":96,\"caption\":\"SuperAdminAndancas\"}},{\"@type\":\"WebPage\",\"@id\":\"https:\\\/\\\/www.andancas.net\\\/site\\\/2025\\\/02\\\/06\\\/querem-chegar-ao-andancas-de-bicicleta-a-lisboa-possivel-e-a-cicloficina-dos-anjos-organizam-viagens-de-bicicleta-ate-ao-festival\\\/#webpage\",\"url\":\"https:\\\/\\\/www.andancas.net\\\/site\\\/2025\\\/02\\\/06\\\/querem-chegar-ao-andancas-de-bicicleta-a-lisboa-possivel-e-a-cicloficina-dos-anjos-organizam-viagens-de-bicicleta-ate-ao-festival\\\/\",\"name\":\"Querem chegar ao Andan\\u00e7as de bicicleta? A Lisboa Poss\\u00edvel e a Cicloficina dos Anjos organizam viagens de bicicleta at\\u00e9 ao festival. - Andan\\u00e7as\",\"description\":\"No Andan\\u00e7as, a mobilidade dos participantes tem um enorme impacto ambiental. Assim, a P\\u00e9deXumbo incentiva que prepararem a vossa viagem com anteced\\u00eancia, escolhendo meios de transporte menos poluentes. E porque n\\u00e3o chegar ao Andan\\u00e7as de bicicleta? A experi\\u00eancia de pedalar na planic\\u00ede alentejana pode ser muito bonita e ser\\u00e1 uma viagem acompanhada pelos nossos parceiros Lisboa\",\"inLanguage\":\"pt-PT\",\"isPartOf\":{\"@id\":\"https:\\\/\\\/www.andancas.net\\\/site\\\/#website\"},\"breadcrumb\":{\"@id\":\"https:\\\/\\\/www.andancas.net\\\/site\\\/2025\\\/02\\\/06\\\/querem-chegar-ao-andancas-de-bicicleta-a-lisboa-possivel-e-a-cicloficina-dos-anjos-organizam-viagens-de-bicicleta-ate-ao-festival\\\/#breadcrumblist\"},\"author\":{\"@id\":\"https:\\\/\\\/www.andancas.net\\\/site\\\/author\\\/superadminandancas\\\/#author\"},\"creator\":{\"@id\":\"https:\\\/\\\/www.andancas.net\\\/site\\\/author\\\/superadminandancas\\\/#author\"},\"image\":{\"@type\":\"ImageObject\",\"url\":\"https:\\\/\\\/www.andancas.net\\\/site\\\/wp-content\\\/uploads\\\/2025\\\/02\\\/bicicleta-no-andancas.jpg\",\"@id\":\"https:\\\/\\\/www.andancas.net\\\/site\\\/2025\\\/02\\\/06\\\/querem-chegar-ao-andancas-de-bicicleta-a-lisboa-possivel-e-a-cicloficina-dos-anjos-organizam-viagens-de-bicicleta-ate-ao-festival\\\/#mainImage\",\"width\":5418,\"height\":3612},\"primaryImageOfPage\":{\"@id\":\"https:\\\/\\\/www.andancas.net\\\/site\\\/2025\\\/02\\\/06\\\/querem-chegar-ao-andancas-de-bicicleta-a-lisboa-possivel-e-a-cicloficina-dos-anjos-organizam-viagens-de-bicicleta-ate-ao-festival\\\/#mainImage\"},\"datePublished\":\"2025-02-06T10:58:41+00:00\",\"dateModified\":\"2025-02-06T15:50:54+00:00\"},{\"@type\":\"WebSite\",\"@id\":\"https:\\\/\\\/www.andancas.net\\\/site\\\/#website\",\"url\":\"https:\\\/\\\/www.andancas.net\\\/site\\\/\",\"name\":\"Andan\\u00e7as\",\"inLanguage\":\"pt-PT\",\"publisher\":{\"@id\":\"https:\\\/\\\/www.andancas.net\\\/site\\\/#organization\"}}]}\n\t\t<\/script>\n\t\t<!-- All in One SEO -->\n\n","aioseo_head_json":{"title":"Querem chegar ao Andan\u00e7as de bicicleta? A Lisboa Poss\u00edvel e a Cicloficina dos Anjos organizam viagens de bicicleta at\u00e9 ao festival. - Andan\u00e7as","description":"No Andan\u00e7as, a mobilidade dos participantes tem um enorme impacto ambiental. Assim, a P\u00e9deXumbo incentiva que prepararem a vossa viagem com anteced\u00eancia, escolhendo meios de transporte menos poluentes. E porque n\u00e3o chegar ao Andan\u00e7as de bicicleta? A experi\u00eancia de pedalar na planic\u00ede alentejana pode ser muito bonita e ser\u00e1 uma viagem acompanhada pelos nossos parceiros Lisboa","canonical_url":"https:\/\/www.andancas.net\/site\/2025\/02\/06\/querem-chegar-ao-andancas-de-bicicleta-a-lisboa-possivel-e-a-cicloficina-dos-anjos-organizam-viagens-de-bicicleta-ate-ao-festival\/","robots":"max-image-preview:large","keywords":"","webmasterTools":{"miscellaneous":""},"schema":{"@context":"https:\/\/schema.org","@graph":[{"@type":"BlogPosting","@id":"https:\/\/www.andancas.net\/site\/2025\/02\/06\/querem-chegar-ao-andancas-de-bicicleta-a-lisboa-possivel-e-a-cicloficina-dos-anjos-organizam-viagens-de-bicicleta-ate-ao-festival\/#blogposting","name":"Querem chegar ao Andan\u00e7as de bicicleta? A Lisboa Poss\u00edvel e a Cicloficina dos Anjos organizam viagens de bicicleta at\u00e9 ao festival. - Andan\u00e7as","headline":"Querem chegar ao Andan\u00e7as de bicicleta? A Lisboa Poss\u00edvel e a Cicloficina dos Anjos organizam viagens de bicicleta at\u00e9 ao festival.","author":{"@id":"https:\/\/www.andancas.net\/site\/author\/superadminandancas\/#author"},"publisher":{"@id":"https:\/\/www.andancas.net\/site\/#organization"},"image":{"@type":"ImageObject","url":"https:\/\/www.andancas.net\/site\/wp-content\/uploads\/2025\/02\/bicicleta-no-andancas.jpg","width":5418,"height":3612},"datePublished":"2025-02-06T10:58:41+00:00","dateModified":"2025-02-06T15:50:54+00:00","inLanguage":"pt-PT","mainEntityOfPage":{"@id":"https:\/\/www.andancas.net\/site\/2025\/02\/06\/querem-chegar-ao-andancas-de-bicicleta-a-lisboa-possivel-e-a-cicloficina-dos-anjos-organizam-viagens-de-bicicleta-ate-ao-festival\/#webpage"},"isPartOf":{"@id":"https:\/\/www.andancas.net\/site\/2025\/02\/06\/querem-chegar-ao-andancas-de-bicicleta-a-lisboa-possivel-e-a-cicloficina-dos-anjos-organizam-viagens-de-bicicleta-ate-ao-festival\/#webpage"},"articleSection":"Como Chegar, Portugu\u00eas"},{"@type":"BreadcrumbList","@id":"https:\/\/www.andancas.net\/site\/2025\/02\/06\/querem-chegar-ao-andancas-de-bicicleta-a-lisboa-possivel-e-a-cicloficina-dos-anjos-organizam-viagens-de-bicicleta-ate-ao-festival\/#breadcrumblist","itemListElement":[{"@type":"ListItem","@id":"https:\/\/www.andancas.net\/site#listItem","position":1,"name":"Home","item":"https:\/\/www.andancas.net\/site","nextItem":{"@type":"ListItem","@id":"https:\/\/www.andancas.net\/site\/category\/como-chegar\/#listItem","name":"Como Chegar"}},{"@type":"ListItem","@id":"https:\/\/www.andancas.net\/site\/category\/como-chegar\/#listItem","position":2,"name":"Como Chegar","item":"https:\/\/www.andancas.net\/site\/category\/como-chegar\/","nextItem":{"@type":"ListItem","@id":"https:\/\/www.andancas.net\/site\/2025\/02\/06\/querem-chegar-ao-andancas-de-bicicleta-a-lisboa-possivel-e-a-cicloficina-dos-anjos-organizam-viagens-de-bicicleta-ate-ao-festival\/#listItem","name":"Querem chegar ao Andan\u00e7as de bicicleta? A Lisboa Poss\u00edvel e a Cicloficina dos Anjos organizam viagens de bicicleta at\u00e9 ao festival."},"previousItem":{"@type":"ListItem","@id":"https:\/\/www.andancas.net\/site#listItem","name":"Home"}},{"@type":"ListItem","@id":"https:\/\/www.andancas.net\/site\/2025\/02\/06\/querem-chegar-ao-andancas-de-bicicleta-a-lisboa-possivel-e-a-cicloficina-dos-anjos-organizam-viagens-de-bicicleta-ate-ao-festival\/#listItem","position":3,"name":"Querem chegar ao Andan\u00e7as de bicicleta? A Lisboa Poss\u00edvel e a Cicloficina dos Anjos organizam viagens de bicicleta at\u00e9 ao festival.","previousItem":{"@type":"ListItem","@id":"https:\/\/www.andancas.net\/site\/category\/como-chegar\/#listItem","name":"Como Chegar"}}]},{"@type":"Organization","@id":"https:\/\/www.andancas.net\/site\/#organization","name":"Andan\u00e7as","url":"https:\/\/www.andancas.net\/site\/"},{"@type":"Person","@id":"https:\/\/www.andancas.net\/site\/author\/superadminandancas\/#author","url":"https:\/\/www.andancas.net\/site\/author\/superadminandancas\/","name":"SuperAdminAndancas","image":{"@type":"ImageObject","@id":"https:\/\/www.andancas.net\/site\/2025\/02\/06\/querem-chegar-ao-andancas-de-bicicleta-a-lisboa-possivel-e-a-cicloficina-dos-anjos-organizam-viagens-de-bicicleta-ate-ao-festival\/#authorImage","url":"https:\/\/secure.gravatar.com\/avatar\/7c5df3e493df7c75d62c64f7f220d0afbc8179289d5d4e6329f5444fde1d842b?s=96&d=mm&r=g","width":96,"height":96,"caption":"SuperAdminAndancas"}},{"@type":"WebPage","@id":"https:\/\/www.andancas.net\/site\/2025\/02\/06\/querem-chegar-ao-andancas-de-bicicleta-a-lisboa-possivel-e-a-cicloficina-dos-anjos-organizam-viagens-de-bicicleta-ate-ao-festival\/#webpage","url":"https:\/\/www.andancas.net\/site\/2025\/02\/06\/querem-chegar-ao-andancas-de-bicicleta-a-lisboa-possivel-e-a-cicloficina-dos-anjos-organizam-viagens-de-bicicleta-ate-ao-festival\/","name":"Querem chegar ao Andan\u00e7as de bicicleta? A Lisboa Poss\u00edvel e a Cicloficina dos Anjos organizam viagens de bicicleta at\u00e9 ao festival. - Andan\u00e7as","description":"No Andan\u00e7as, a mobilidade dos participantes tem um enorme impacto ambiental. Assim, a P\u00e9deXumbo incentiva que prepararem a vossa viagem com anteced\u00eancia, escolhendo meios de transporte menos poluentes. E porque n\u00e3o chegar ao Andan\u00e7as de bicicleta? A experi\u00eancia de pedalar na planic\u00ede alentejana pode ser muito bonita e ser\u00e1 uma viagem acompanhada pelos nossos parceiros Lisboa","inLanguage":"pt-PT","isPartOf":{"@id":"https:\/\/www.andancas.net\/site\/#website"},"breadcrumb":{"@id":"https:\/\/www.andancas.net\/site\/2025\/02\/06\/querem-chegar-ao-andancas-de-bicicleta-a-lisboa-possivel-e-a-cicloficina-dos-anjos-organizam-viagens-de-bicicleta-ate-ao-festival\/#breadcrumblist"},"author":{"@id":"https:\/\/www.andancas.net\/site\/author\/superadminandancas\/#author"},"creator":{"@id":"https:\/\/www.andancas.net\/site\/author\/superadminandancas\/#author"},"image":{"@type":"ImageObject","url":"https:\/\/www.andancas.net\/site\/wp-content\/uploads\/2025\/02\/bicicleta-no-andancas.jpg","@id":"https:\/\/www.andancas.net\/site\/2025\/02\/06\/querem-chegar-ao-andancas-de-bicicleta-a-lisboa-possivel-e-a-cicloficina-dos-anjos-organizam-viagens-de-bicicleta-ate-ao-festival\/#mainImage","width":5418,"height":3612},"primaryImageOfPage":{"@id":"https:\/\/www.andancas.net\/site\/2025\/02\/06\/querem-chegar-ao-andancas-de-bicicleta-a-lisboa-possivel-e-a-cicloficina-dos-anjos-organizam-viagens-de-bicicleta-ate-ao-festival\/#mainImage"},"datePublished":"2025-02-06T10:58:41+00:00","dateModified":"2025-02-06T15:50:54+00:00"},{"@type":"WebSite","@id":"https:\/\/www.andancas.net\/site\/#website","url":"https:\/\/www.andancas.net\/site\/","name":"Andan\u00e7as","inLanguage":"pt-PT","publisher":{"@id":"https:\/\/www.andancas.net\/site\/#organization"}}]},"og:locale":"pt_PT","og:site_name":"Andan\u00e7as -","og:type":"article","og:title":"Querem chegar ao Andan\u00e7as de bicicleta? A Lisboa Poss\u00edvel e a Cicloficina dos Anjos organizam viagens de bicicleta at\u00e9 ao festival. - Andan\u00e7as","og:description":"No Andan\u00e7as, a mobilidade dos participantes tem um enorme impacto ambiental. Assim, a P\u00e9deXumbo incentiva que prepararem a vossa viagem com anteced\u00eancia, escolhendo meios de transporte menos poluentes. E porque n\u00e3o chegar ao Andan\u00e7as de bicicleta? A experi\u00eancia de pedalar na planic\u00ede alentejana pode ser muito bonita e ser\u00e1 uma viagem acompanhada pelos nossos parceiros Lisboa","og:url":"https:\/\/www.andancas.net\/site\/2025\/02\/06\/querem-chegar-ao-andancas-de-bicicleta-a-lisboa-possivel-e-a-cicloficina-dos-anjos-organizam-viagens-de-bicicleta-ate-ao-festival\/","article:published_time":"2025-02-06T10:58:41+00:00","article:modified_time":"2025-02-06T15:50:54+00:00","twitter:card":"summary_large_image","twitter:title":"Querem chegar ao Andan\u00e7as de bicicleta? A Lisboa Poss\u00edvel e a Cicloficina dos Anjos organizam viagens de bicicleta at\u00e9 ao festival. - Andan\u00e7as","twitter:description":"No Andan\u00e7as, a mobilidade dos participantes tem um enorme impacto ambiental. Assim, a P\u00e9deXumbo incentiva que prepararem a vossa viagem com anteced\u00eancia, escolhendo meios de transporte menos poluentes. E porque n\u00e3o chegar ao Andan\u00e7as de bicicleta? A experi\u00eancia de pedalar na planic\u00ede alentejana pode ser muito bonita e ser\u00e1 uma viagem acompanhada pelos nossos parceiros Lisboa"},"aioseo_meta_data":[],"aioseo_breadcrumb":"<div class=\"aioseo-breadcrumbs\"><span class=\"aioseo-breadcrumb\">\n\t\t\t<a href=\"https:\/\/www.andancas.net\/site\" title=\"Home\">Home<\/a>\n\t\t<\/span><span class=\"aioseo-breadcrumb-separator\">&raquo;<\/span><span class=\"aioseo-breadcrumb\">\n\t\t\t<a href=\"https:\/\/www.andancas.net\/site\/category\/como-chegar\/\" title=\"Como Chegar\">Como Chegar<\/a>\n\t\t<\/span><span class=\"aioseo-breadcrumb-separator\">&raquo;<\/span><span class=\"aioseo-breadcrumb\">\n\t\t\tQuerem chegar ao Andan\u00e7as de bicicleta? A Lisboa Poss\u00edvel e a Cicloficina dos Anjos organizam viagens de bicicleta at\u00e9 ao festival.\n\t\t<\/span><\/div>","aioseo_breadcrumb_json":[{"label":"Home","link":"https:\/\/www.andancas.net\/site"},{"label":"Como Chegar","link":"https:\/\/www.andancas.net\/site\/category\/como-chegar\/"},{"label":"Querem chegar ao Andan\u00e7as de bicicleta? A Lisboa Poss\u00edvel e a Cicloficina dos Anjos organizam viagens de bicicleta at\u00e9 ao festival.","link":"https:\/\/www.andancas.net\/site\/2025\/02\/06\/querem-chegar-ao-andancas-de-bicicleta-a-lisboa-possivel-e-a-cicloficina-dos-anjos-organizam-viagens-de-bicicleta-ate-ao-festival\/"}],"_links":{"self":[{"href":"https:\/\/www.andancas.net\/site\/wp-json\/wp\/v2\/posts\/8219","targetHints":{"allow":["GET"]}}],"collection":[{"href":"https:\/\/www.andancas.net\/site\/wp-json\/wp\/v2\/posts"}],"about":[{"href":"https:\/\/www.andancas.net\/site\/wp-json\/wp\/v2\/types\/post"}],"author":[{"embeddable":true,"href":"https:\/\/www.andancas.net\/site\/wp-json\/wp\/v2\/users\/1"}],"replies":[{"embeddable":true,"href":"https:\/\/www.andancas.net\/site\/wp-json\/wp\/v2\/comments?post=8219"}],"version-history":[{"count":0,"href":"https:\/\/www.andancas.net\/site\/wp-json\/wp\/v2\/posts\/8219\/revisions"}],"wp:featuredmedia":[{"embeddable":true,"href":"https:\/\/www.andancas.net\/site\/wp-json\/wp\/v2\/media\/8221"}],"wp:attachment":[{"href":"https:\/\/www.andancas.net\/site\/wp-json\/wp\/v2\/media?parent=8219"}],"wp:term":[{"taxonomy":"category","embeddable":true,"href":"https:\/\/www.andancas.net\/site\/wp-json\/wp\/v2\/categories?post=8219"},{"taxonomy":"post_tag","embeddable":true,"href":"https:\/\/www.andancas.net\/site\/wp-json\/wp\/v2\/tags?post=8219"}],"curies":[{"name":"wp","href":"https:\/\/api.w.org\/{rel}","templated":true}]}}