{"id":8070,"date":"2025-01-02T16:23:24","date_gmt":"2025-01-02T16:23:24","guid":{"rendered":"http:\/\/www.andancas.net\/site\/?p=8070"},"modified":"2025-01-28T12:25:50","modified_gmt":"2025-01-28T12:25:50","slug":"traz-o-teu-tasco-ao-andancas-candidaturas-de-1-a-28-de-fevereiro","status":"publish","type":"post","link":"https:\/\/www.andancas.net\/site\/2025\/01\/02\/traz-o-teu-tasco-ao-andancas-candidaturas-de-1-a-28-de-fevereiro\/","title":{"rendered":"Traz o teu Tasco ao Andan\u00e7as! Candidaturas de 10 de fevereiro a 10 de mar\u00e7o"},"content":{"rendered":"\t\t<div data-elementor-type=\"wp-post\" data-elementor-id=\"8070\" class=\"elementor elementor-8070\" data-elementor-settings=\"{&quot;ha_cmc_init_switcher&quot;:&quot;no&quot;}\">\n\t\t\t\t<div class=\"elementor-element elementor-element-63d650de e-flex e-con-boxed e-con e-parent\" data-id=\"63d650de\" data-element_type=\"container\" data-e-type=\"container\" data-settings=\"{&quot;_ha_eqh_enable&quot;:false}\">\n\t\t\t\t\t<div class=\"e-con-inner\">\n\t\t\t\t<div class=\"elementor-element elementor-element-796c5a1a elementor-widget elementor-widget-text-editor\" data-id=\"796c5a1a\" data-element_type=\"widget\" data-e-type=\"widget\" data-widget_type=\"text-editor.default\">\n\t\t\t\t<div class=\"elementor-widget-container\">\n\t\t\t\t\t\t\t\t\t<p>Lanches, bebidas e refei\u00e7\u00f5es ligeiras, vegetarianas e refei\u00e7\u00f5es tradicionais, sandu\u00edches e frutas. Tudo tem lugar no Andan\u00e7as! Os tascos localizam-se <strong>junto ao recinto principal<\/strong>, dentro da aldeia do Campinho.<\/p><p>O conceito, os clientes-alvo, a culin\u00e1ria, a est\u00e9tica e os materiais utilizados na constru\u00e7\u00e3o desses espa\u00e7os ef\u00e9meros s\u00e3o essenciais para a boa escolha dos projetos apresentados. H\u00e1 um conjunto de regras ambientais do festival que s\u00e3o fator de sele\u00e7\u00e3o destes projetos \u2013 por exemplo, a n\u00e3o exist\u00eancia de descart\u00e1veis ou descart\u00e1veis em condi\u00e7\u00f5es de serem compostados.<\/p><p><strong>As candidaturas aos Tascos podem ser submetidas\u00a0<\/strong><strong>de 10 de fevereiro a 10 de mar\u00e7o <\/strong><strong>atrav\u00e9s do preenchimento de um formul\u00e1rio online, que ficar\u00e1 dispon\u00edvel em <a href=\"https:\/\/www.andancas.net\/site\/info\/candidaturas\" target=\"_blank\" rel=\"noopener\">www.andancas.net\/site\/info\/candidaturas<\/a><\/strong><\/p><p>\u00a0<\/p>\t\t\t\t\t\t\t\t<\/div>\n\t\t\t\t<\/div>\n\t\t\t\t\t<\/div>\n\t\t\t\t<\/div>\n\t\t\t\t<\/div>\n\t\t","protected":false},"excerpt":{"rendered":"<p>Lanches, bebidas e refei\u00e7\u00f5es ligeiras, vegetarianas e refei\u00e7\u00f5es tradicionais, sandu\u00edches e frutas. Tudo tem lugar no Andan\u00e7as! Os tascos localizam-se junto ao recinto principal, dentro da aldeia do Campinho. O conceito, os clientes-alvo, a culin\u00e1ria, a est\u00e9tica e os materiais utilizados na constru\u00e7\u00e3o desses espa\u00e7os ef\u00e9meros s\u00e3o essenciais para a boa escolha dos projetos apresentados. <a href=\"https:\/\/www.andancas.net\/site\/2025\/01\/02\/traz-o-teu-tasco-ao-andancas-candidaturas-de-1-a-28-de-fevereiro\/\" class=\"more-link\">&#8230;<span class=\"screen-reader-text\">  Traz o teu Tasco ao Andan\u00e7as! Candidaturas de 10 de fevereiro a 10 de mar\u00e7o<\/span><\/a><\/p>\n","protected":false},"author":1,"featured_media":8072,"comment_status":"closed","ping_status":"closed","sticky":false,"template":"","format":"standard","meta":{"_uf_show_specific_survey":0,"_uf_disable_surveys":false,"footnotes":""},"categories":[1],"tags":[],"class_list":["post-8070","post","type-post","status-publish","format-standard","has-post-thumbnail","hentry","category-sem-categoria"],"aioseo_notices":[],"aioseo_head":"\n\t\t<!-- All in One SEO 5.0.1 - aioseo.com -->\n\t<meta name=\"description\" content=\"Lanches, bebidas e refei\u00e7\u00f5es ligeiras, vegetarianas e refei\u00e7\u00f5es tradicionais, sandu\u00edches e frutas. Tudo tem lugar no Andan\u00e7as! Os tascos localizam-se junto ao recinto principal, dentro da aldeia do Campinho.O conceito, os clientes-alvo, a culin\u00e1ria, a est\u00e9tica e os materiais utilizados na constru\u00e7\u00e3o desses espa\u00e7os ef\u00e9meros s\u00e3o essenciais para a boa escolha dos projetos apresentados. H\u00e1\" \/>\n\t<meta name=\"robots\" content=\"max-image-preview:large\" \/>\n\t<meta name=\"author\" content=\"SuperAdminAndancas\"\/>\n\t<link rel=\"canonical\" href=\"https:\/\/www.andancas.net\/site\/2025\/01\/02\/traz-o-teu-tasco-ao-andancas-candidaturas-de-1-a-28-de-fevereiro\/\" \/>\n\t<meta name=\"generator\" content=\"All in One SEO (AIOSEO) 5.0.1\" \/>\n\t\t<meta property=\"og:locale\" content=\"pt_PT\" \/>\n\t\t<meta property=\"og:site_name\" content=\"Andan\u00e7as -\" \/>\n\t\t<meta property=\"og:type\" content=\"article\" \/>\n\t\t<meta property=\"og:title\" content=\"Traz o teu Tasco ao Andan\u00e7as! Candidaturas de 10 de fevereiro a 10 de mar\u00e7o - Andan\u00e7as\" \/>\n\t\t<meta property=\"og:description\" content=\"Lanches, bebidas e refei\u00e7\u00f5es ligeiras, vegetarianas e refei\u00e7\u00f5es tradicionais, sandu\u00edches e frutas. Tudo tem lugar no Andan\u00e7as! Os tascos localizam-se junto ao recinto principal, dentro da aldeia do Campinho.O conceito, os clientes-alvo, a culin\u00e1ria, a est\u00e9tica e os materiais utilizados na constru\u00e7\u00e3o desses espa\u00e7os ef\u00e9meros s\u00e3o essenciais para a boa escolha dos projetos apresentados. H\u00e1\" \/>\n\t\t<meta property=\"og:url\" content=\"https:\/\/www.andancas.net\/site\/2025\/01\/02\/traz-o-teu-tasco-ao-andancas-candidaturas-de-1-a-28-de-fevereiro\/\" \/>\n\t\t<meta property=\"article:published_time\" content=\"2025-01-02T16:23:24+00:00\" \/>\n\t\t<meta property=\"article:modified_time\" content=\"2025-01-28T12:25:50+00:00\" \/>\n\t\t<meta name=\"twitter:card\" content=\"summary_large_image\" \/>\n\t\t<meta name=\"twitter:title\" content=\"Traz o teu Tasco ao Andan\u00e7as! Candidaturas de 10 de fevereiro a 10 de mar\u00e7o - Andan\u00e7as\" \/>\n\t\t<meta name=\"twitter:description\" content=\"Lanches, bebidas e refei\u00e7\u00f5es ligeiras, vegetarianas e refei\u00e7\u00f5es tradicionais, sandu\u00edches e frutas. Tudo tem lugar no Andan\u00e7as! Os tascos localizam-se junto ao recinto principal, dentro da aldeia do Campinho.O conceito, os clientes-alvo, a culin\u00e1ria, a est\u00e9tica e os materiais utilizados na constru\u00e7\u00e3o desses espa\u00e7os ef\u00e9meros s\u00e3o essenciais para a boa escolha dos projetos apresentados. H\u00e1\" \/>\n\t\t<script type=\"application\/ld+json\" class=\"aioseo-schema\">\n\t\t\t{\"@context\":\"https:\\\/\\\/schema.org\",\"@graph\":[{\"@type\":\"BlogPosting\",\"@id\":\"https:\\\/\\\/www.andancas.net\\\/site\\\/2025\\\/01\\\/02\\\/traz-o-teu-tasco-ao-andancas-candidaturas-de-1-a-28-de-fevereiro\\\/#blogposting\",\"name\":\"Traz o teu Tasco ao Andan\\u00e7as! Candidaturas de 10 de fevereiro a 10 de mar\\u00e7o - Andan\\u00e7as\",\"headline\":\"Traz o teu Tasco ao Andan\\u00e7as! Candidaturas de 10 de fevereiro a 10 de mar\\u00e7o\",\"author\":{\"@id\":\"https:\\\/\\\/www.andancas.net\\\/site\\\/author\\\/superadminandancas\\\/#author\"},\"publisher\":{\"@id\":\"https:\\\/\\\/www.andancas.net\\\/site\\\/#organization\"},\"image\":{\"@type\":\"ImageObject\",\"url\":\"https:\\\/\\\/www.andancas.net\\\/site\\\/wp-content\\\/uploads\\\/2025\\\/01\\\/DSC_6545.jpg\",\"width\":4016,\"height\":6016},\"datePublished\":\"2025-01-02T16:23:24+00:00\",\"dateModified\":\"2025-01-28T12:25:50+00:00\",\"inLanguage\":\"pt-PT\",\"mainEntityOfPage\":{\"@id\":\"https:\\\/\\\/www.andancas.net\\\/site\\\/2025\\\/01\\\/02\\\/traz-o-teu-tasco-ao-andancas-candidaturas-de-1-a-28-de-fevereiro\\\/#webpage\"},\"isPartOf\":{\"@id\":\"https:\\\/\\\/www.andancas.net\\\/site\\\/2025\\\/01\\\/02\\\/traz-o-teu-tasco-ao-andancas-candidaturas-de-1-a-28-de-fevereiro\\\/#webpage\"},\"articleSection\":\"Sem categoria, Portugu\\u00eas, pll_6776bf35620c7\"},{\"@type\":\"BreadcrumbList\",\"@id\":\"https:\\\/\\\/www.andancas.net\\\/site\\\/2025\\\/01\\\/02\\\/traz-o-teu-tasco-ao-andancas-candidaturas-de-1-a-28-de-fevereiro\\\/#breadcrumblist\",\"itemListElement\":[{\"@type\":\"ListItem\",\"@id\":\"https:\\\/\\\/www.andancas.net\\\/site#listItem\",\"position\":1,\"name\":\"Home\",\"item\":\"https:\\\/\\\/www.andancas.net\\\/site\",\"nextItem\":{\"@type\":\"ListItem\",\"@id\":\"https:\\\/\\\/www.andancas.net\\\/site\\\/category\\\/sem-categoria\\\/#listItem\",\"name\":\"Sem categoria\"}},{\"@type\":\"ListItem\",\"@id\":\"https:\\\/\\\/www.andancas.net\\\/site\\\/category\\\/sem-categoria\\\/#listItem\",\"position\":2,\"name\":\"Sem categoria\",\"item\":\"https:\\\/\\\/www.andancas.net\\\/site\\\/category\\\/sem-categoria\\\/\",\"nextItem\":{\"@type\":\"ListItem\",\"@id\":\"https:\\\/\\\/www.andancas.net\\\/site\\\/2025\\\/01\\\/02\\\/traz-o-teu-tasco-ao-andancas-candidaturas-de-1-a-28-de-fevereiro\\\/#listItem\",\"name\":\"Traz o teu Tasco ao Andan\\u00e7as! Candidaturas de 10 de fevereiro a 10 de mar\\u00e7o\"},\"previousItem\":{\"@type\":\"ListItem\",\"@id\":\"https:\\\/\\\/www.andancas.net\\\/site#listItem\",\"name\":\"Home\"}},{\"@type\":\"ListItem\",\"@id\":\"https:\\\/\\\/www.andancas.net\\\/site\\\/2025\\\/01\\\/02\\\/traz-o-teu-tasco-ao-andancas-candidaturas-de-1-a-28-de-fevereiro\\\/#listItem\",\"position\":3,\"name\":\"Traz o teu Tasco ao Andan\\u00e7as! Candidaturas de 10 de fevereiro a 10 de mar\\u00e7o\",\"previousItem\":{\"@type\":\"ListItem\",\"@id\":\"https:\\\/\\\/www.andancas.net\\\/site\\\/category\\\/sem-categoria\\\/#listItem\",\"name\":\"Sem categoria\"}}]},{\"@type\":\"Organization\",\"@id\":\"https:\\\/\\\/www.andancas.net\\\/site\\\/#organization\",\"name\":\"Andan\\u00e7as\",\"url\":\"https:\\\/\\\/www.andancas.net\\\/site\\\/\"},{\"@type\":\"Person\",\"@id\":\"https:\\\/\\\/www.andancas.net\\\/site\\\/author\\\/superadminandancas\\\/#author\",\"url\":\"https:\\\/\\\/www.andancas.net\\\/site\\\/author\\\/superadminandancas\\\/\",\"name\":\"SuperAdminAndancas\",\"image\":{\"@type\":\"ImageObject\",\"@id\":\"https:\\\/\\\/www.andancas.net\\\/site\\\/2025\\\/01\\\/02\\\/traz-o-teu-tasco-ao-andancas-candidaturas-de-1-a-28-de-fevereiro\\\/#authorImage\",\"url\":\"https:\\\/\\\/secure.gravatar.com\\\/avatar\\\/7c5df3e493df7c75d62c64f7f220d0afbc8179289d5d4e6329f5444fde1d842b?s=96&d=mm&r=g\",\"width\":96,\"height\":96,\"caption\":\"SuperAdminAndancas\"}},{\"@type\":\"WebPage\",\"@id\":\"https:\\\/\\\/www.andancas.net\\\/site\\\/2025\\\/01\\\/02\\\/traz-o-teu-tasco-ao-andancas-candidaturas-de-1-a-28-de-fevereiro\\\/#webpage\",\"url\":\"https:\\\/\\\/www.andancas.net\\\/site\\\/2025\\\/01\\\/02\\\/traz-o-teu-tasco-ao-andancas-candidaturas-de-1-a-28-de-fevereiro\\\/\",\"name\":\"Traz o teu Tasco ao Andan\\u00e7as! Candidaturas de 10 de fevereiro a 10 de mar\\u00e7o - Andan\\u00e7as\",\"description\":\"Lanches, bebidas e refei\\u00e7\\u00f5es ligeiras, vegetarianas e refei\\u00e7\\u00f5es tradicionais, sandu\\u00edches e frutas. Tudo tem lugar no Andan\\u00e7as! Os tascos localizam-se junto ao recinto principal, dentro da aldeia do Campinho.O conceito, os clientes-alvo, a culin\\u00e1ria, a est\\u00e9tica e os materiais utilizados na constru\\u00e7\\u00e3o desses espa\\u00e7os ef\\u00e9meros s\\u00e3o essenciais para a boa escolha dos projetos apresentados. H\\u00e1\",\"inLanguage\":\"pt-PT\",\"isPartOf\":{\"@id\":\"https:\\\/\\\/www.andancas.net\\\/site\\\/#website\"},\"breadcrumb\":{\"@id\":\"https:\\\/\\\/www.andancas.net\\\/site\\\/2025\\\/01\\\/02\\\/traz-o-teu-tasco-ao-andancas-candidaturas-de-1-a-28-de-fevereiro\\\/#breadcrumblist\"},\"author\":{\"@id\":\"https:\\\/\\\/www.andancas.net\\\/site\\\/author\\\/superadminandancas\\\/#author\"},\"creator\":{\"@id\":\"https:\\\/\\\/www.andancas.net\\\/site\\\/author\\\/superadminandancas\\\/#author\"},\"image\":{\"@type\":\"ImageObject\",\"url\":\"https:\\\/\\\/www.andancas.net\\\/site\\\/wp-content\\\/uploads\\\/2025\\\/01\\\/DSC_6545.jpg\",\"@id\":\"https:\\\/\\\/www.andancas.net\\\/site\\\/2025\\\/01\\\/02\\\/traz-o-teu-tasco-ao-andancas-candidaturas-de-1-a-28-de-fevereiro\\\/#mainImage\",\"width\":4016,\"height\":6016},\"primaryImageOfPage\":{\"@id\":\"https:\\\/\\\/www.andancas.net\\\/site\\\/2025\\\/01\\\/02\\\/traz-o-teu-tasco-ao-andancas-candidaturas-de-1-a-28-de-fevereiro\\\/#mainImage\"},\"datePublished\":\"2025-01-02T16:23:24+00:00\",\"dateModified\":\"2025-01-28T12:25:50+00:00\"},{\"@type\":\"WebSite\",\"@id\":\"https:\\\/\\\/www.andancas.net\\\/site\\\/#website\",\"url\":\"https:\\\/\\\/www.andancas.net\\\/site\\\/\",\"name\":\"Andan\\u00e7as\",\"inLanguage\":\"pt-PT\",\"publisher\":{\"@id\":\"https:\\\/\\\/www.andancas.net\\\/site\\\/#organization\"}}]}\n\t\t<\/script>\n\t\t<!-- All in One SEO -->\n\n","aioseo_head_json":{"title":"Traz o teu Tasco ao Andan\u00e7as! Candidaturas de 10 de fevereiro a 10 de mar\u00e7o - Andan\u00e7as","description":"Lanches, bebidas e refei\u00e7\u00f5es ligeiras, vegetarianas e refei\u00e7\u00f5es tradicionais, sandu\u00edches e frutas. Tudo tem lugar no Andan\u00e7as! Os tascos localizam-se junto ao recinto principal, dentro da aldeia do Campinho.O conceito, os clientes-alvo, a culin\u00e1ria, a est\u00e9tica e os materiais utilizados na constru\u00e7\u00e3o desses espa\u00e7os ef\u00e9meros s\u00e3o essenciais para a boa escolha dos projetos apresentados. H\u00e1","canonical_url":"https:\/\/www.andancas.net\/site\/2025\/01\/02\/traz-o-teu-tasco-ao-andancas-candidaturas-de-1-a-28-de-fevereiro\/","robots":"max-image-preview:large","keywords":"","webmasterTools":{"miscellaneous":""},"schema":{"@context":"https:\/\/schema.org","@graph":[{"@type":"BlogPosting","@id":"https:\/\/www.andancas.net\/site\/2025\/01\/02\/traz-o-teu-tasco-ao-andancas-candidaturas-de-1-a-28-de-fevereiro\/#blogposting","name":"Traz o teu Tasco ao Andan\u00e7as! Candidaturas de 10 de fevereiro a 10 de mar\u00e7o - Andan\u00e7as","headline":"Traz o teu Tasco ao Andan\u00e7as! Candidaturas de 10 de fevereiro a 10 de mar\u00e7o","author":{"@id":"https:\/\/www.andancas.net\/site\/author\/superadminandancas\/#author"},"publisher":{"@id":"https:\/\/www.andancas.net\/site\/#organization"},"image":{"@type":"ImageObject","url":"https:\/\/www.andancas.net\/site\/wp-content\/uploads\/2025\/01\/DSC_6545.jpg","width":4016,"height":6016},"datePublished":"2025-01-02T16:23:24+00:00","dateModified":"2025-01-28T12:25:50+00:00","inLanguage":"pt-PT","mainEntityOfPage":{"@id":"https:\/\/www.andancas.net\/site\/2025\/01\/02\/traz-o-teu-tasco-ao-andancas-candidaturas-de-1-a-28-de-fevereiro\/#webpage"},"isPartOf":{"@id":"https:\/\/www.andancas.net\/site\/2025\/01\/02\/traz-o-teu-tasco-ao-andancas-candidaturas-de-1-a-28-de-fevereiro\/#webpage"},"articleSection":"Sem categoria, Portugu\u00eas, pll_6776bf35620c7"},{"@type":"BreadcrumbList","@id":"https:\/\/www.andancas.net\/site\/2025\/01\/02\/traz-o-teu-tasco-ao-andancas-candidaturas-de-1-a-28-de-fevereiro\/#breadcrumblist","itemListElement":[{"@type":"ListItem","@id":"https:\/\/www.andancas.net\/site#listItem","position":1,"name":"Home","item":"https:\/\/www.andancas.net\/site","nextItem":{"@type":"ListItem","@id":"https:\/\/www.andancas.net\/site\/category\/sem-categoria\/#listItem","name":"Sem categoria"}},{"@type":"ListItem","@id":"https:\/\/www.andancas.net\/site\/category\/sem-categoria\/#listItem","position":2,"name":"Sem categoria","item":"https:\/\/www.andancas.net\/site\/category\/sem-categoria\/","nextItem":{"@type":"ListItem","@id":"https:\/\/www.andancas.net\/site\/2025\/01\/02\/traz-o-teu-tasco-ao-andancas-candidaturas-de-1-a-28-de-fevereiro\/#listItem","name":"Traz o teu Tasco ao Andan\u00e7as! Candidaturas de 10 de fevereiro a 10 de mar\u00e7o"},"previousItem":{"@type":"ListItem","@id":"https:\/\/www.andancas.net\/site#listItem","name":"Home"}},{"@type":"ListItem","@id":"https:\/\/www.andancas.net\/site\/2025\/01\/02\/traz-o-teu-tasco-ao-andancas-candidaturas-de-1-a-28-de-fevereiro\/#listItem","position":3,"name":"Traz o teu Tasco ao Andan\u00e7as! Candidaturas de 10 de fevereiro a 10 de mar\u00e7o","previousItem":{"@type":"ListItem","@id":"https:\/\/www.andancas.net\/site\/category\/sem-categoria\/#listItem","name":"Sem categoria"}}]},{"@type":"Organization","@id":"https:\/\/www.andancas.net\/site\/#organization","name":"Andan\u00e7as","url":"https:\/\/www.andancas.net\/site\/"},{"@type":"Person","@id":"https:\/\/www.andancas.net\/site\/author\/superadminandancas\/#author","url":"https:\/\/www.andancas.net\/site\/author\/superadminandancas\/","name":"SuperAdminAndancas","image":{"@type":"ImageObject","@id":"https:\/\/www.andancas.net\/site\/2025\/01\/02\/traz-o-teu-tasco-ao-andancas-candidaturas-de-1-a-28-de-fevereiro\/#authorImage","url":"https:\/\/secure.gravatar.com\/avatar\/7c5df3e493df7c75d62c64f7f220d0afbc8179289d5d4e6329f5444fde1d842b?s=96&d=mm&r=g","width":96,"height":96,"caption":"SuperAdminAndancas"}},{"@type":"WebPage","@id":"https:\/\/www.andancas.net\/site\/2025\/01\/02\/traz-o-teu-tasco-ao-andancas-candidaturas-de-1-a-28-de-fevereiro\/#webpage","url":"https:\/\/www.andancas.net\/site\/2025\/01\/02\/traz-o-teu-tasco-ao-andancas-candidaturas-de-1-a-28-de-fevereiro\/","name":"Traz o teu Tasco ao Andan\u00e7as! Candidaturas de 10 de fevereiro a 10 de mar\u00e7o - Andan\u00e7as","description":"Lanches, bebidas e refei\u00e7\u00f5es ligeiras, vegetarianas e refei\u00e7\u00f5es tradicionais, sandu\u00edches e frutas. Tudo tem lugar no Andan\u00e7as! Os tascos localizam-se junto ao recinto principal, dentro da aldeia do Campinho.O conceito, os clientes-alvo, a culin\u00e1ria, a est\u00e9tica e os materiais utilizados na constru\u00e7\u00e3o desses espa\u00e7os ef\u00e9meros s\u00e3o essenciais para a boa escolha dos projetos apresentados. H\u00e1","inLanguage":"pt-PT","isPartOf":{"@id":"https:\/\/www.andancas.net\/site\/#website"},"breadcrumb":{"@id":"https:\/\/www.andancas.net\/site\/2025\/01\/02\/traz-o-teu-tasco-ao-andancas-candidaturas-de-1-a-28-de-fevereiro\/#breadcrumblist"},"author":{"@id":"https:\/\/www.andancas.net\/site\/author\/superadminandancas\/#author"},"creator":{"@id":"https:\/\/www.andancas.net\/site\/author\/superadminandancas\/#author"},"image":{"@type":"ImageObject","url":"https:\/\/www.andancas.net\/site\/wp-content\/uploads\/2025\/01\/DSC_6545.jpg","@id":"https:\/\/www.andancas.net\/site\/2025\/01\/02\/traz-o-teu-tasco-ao-andancas-candidaturas-de-1-a-28-de-fevereiro\/#mainImage","width":4016,"height":6016},"primaryImageOfPage":{"@id":"https:\/\/www.andancas.net\/site\/2025\/01\/02\/traz-o-teu-tasco-ao-andancas-candidaturas-de-1-a-28-de-fevereiro\/#mainImage"},"datePublished":"2025-01-02T16:23:24+00:00","dateModified":"2025-01-28T12:25:50+00:00"},{"@type":"WebSite","@id":"https:\/\/www.andancas.net\/site\/#website","url":"https:\/\/www.andancas.net\/site\/","name":"Andan\u00e7as","inLanguage":"pt-PT","publisher":{"@id":"https:\/\/www.andancas.net\/site\/#organization"}}]},"og:locale":"pt_PT","og:site_name":"Andan\u00e7as -","og:type":"article","og:title":"Traz o teu Tasco ao Andan\u00e7as! Candidaturas de 10 de fevereiro a 10 de mar\u00e7o - Andan\u00e7as","og:description":"Lanches, bebidas e refei\u00e7\u00f5es ligeiras, vegetarianas e refei\u00e7\u00f5es tradicionais, sandu\u00edches e frutas. Tudo tem lugar no Andan\u00e7as! Os tascos localizam-se junto ao recinto principal, dentro da aldeia do Campinho.O conceito, os clientes-alvo, a culin\u00e1ria, a est\u00e9tica e os materiais utilizados na constru\u00e7\u00e3o desses espa\u00e7os ef\u00e9meros s\u00e3o essenciais para a boa escolha dos projetos apresentados. H\u00e1","og:url":"https:\/\/www.andancas.net\/site\/2025\/01\/02\/traz-o-teu-tasco-ao-andancas-candidaturas-de-1-a-28-de-fevereiro\/","article:published_time":"2025-01-02T16:23:24+00:00","article:modified_time":"2025-01-28T12:25:50+00:00","twitter:card":"summary_large_image","twitter:title":"Traz o teu Tasco ao Andan\u00e7as! Candidaturas de 10 de fevereiro a 10 de mar\u00e7o - Andan\u00e7as","twitter:description":"Lanches, bebidas e refei\u00e7\u00f5es ligeiras, vegetarianas e refei\u00e7\u00f5es tradicionais, sandu\u00edches e frutas. Tudo tem lugar no Andan\u00e7as! Os tascos localizam-se junto ao recinto principal, dentro da aldeia do Campinho.O conceito, os clientes-alvo, a culin\u00e1ria, a est\u00e9tica e os materiais utilizados na constru\u00e7\u00e3o desses espa\u00e7os ef\u00e9meros s\u00e3o essenciais para a boa escolha dos projetos apresentados. H\u00e1"},"aioseo_meta_data":[],"aioseo_breadcrumb":"<div class=\"aioseo-breadcrumbs\"><span class=\"aioseo-breadcrumb\">\n\t\t\t<a href=\"https:\/\/www.andancas.net\/site\" title=\"Home\">Home<\/a>\n\t\t<\/span><span class=\"aioseo-breadcrumb-separator\">&raquo;<\/span><span class=\"aioseo-breadcrumb\">\n\t\t\t<a href=\"https:\/\/www.andancas.net\/site\/category\/sem-categoria\/\" title=\"Sem categoria\">Sem categoria<\/a>\n\t\t<\/span><span class=\"aioseo-breadcrumb-separator\">&raquo;<\/span><span class=\"aioseo-breadcrumb\">\n\t\t\tTraz o teu Tasco ao Andan\u00e7as! Candidaturas de 10 de fevereiro a 10 de mar\u00e7o\n\t\t<\/span><\/div>","aioseo_breadcrumb_json":[{"label":"Home","link":"https:\/\/www.andancas.net\/site"},{"label":"Sem categoria","link":"https:\/\/www.andancas.net\/site\/category\/sem-categoria\/"},{"label":"Traz o teu Tasco ao Andan\u00e7as! Candidaturas de 10 de fevereiro a 10 de mar\u00e7o","link":"https:\/\/www.andancas.net\/site\/2025\/01\/02\/traz-o-teu-tasco-ao-andancas-candidaturas-de-1-a-28-de-fevereiro\/"}],"_links":{"self":[{"href":"https:\/\/www.andancas.net\/site\/wp-json\/wp\/v2\/posts\/8070","targetHints":{"allow":["GET"]}}],"collection":[{"href":"https:\/\/www.andancas.net\/site\/wp-json\/wp\/v2\/posts"}],"about":[{"href":"https:\/\/www.andancas.net\/site\/wp-json\/wp\/v2\/types\/post"}],"author":[{"embeddable":true,"href":"https:\/\/www.andancas.net\/site\/wp-json\/wp\/v2\/users\/1"}],"replies":[{"embeddable":true,"href":"https:\/\/www.andancas.net\/site\/wp-json\/wp\/v2\/comments?post=8070"}],"version-history":[{"count":0,"href":"https:\/\/www.andancas.net\/site\/wp-json\/wp\/v2\/posts\/8070\/revisions"}],"wp:featuredmedia":[{"embeddable":true,"href":"https:\/\/www.andancas.net\/site\/wp-json\/wp\/v2\/media\/8072"}],"wp:attachment":[{"href":"https:\/\/www.andancas.net\/site\/wp-json\/wp\/v2\/media?parent=8070"}],"wp:term":[{"taxonomy":"category","embeddable":true,"href":"https:\/\/www.andancas.net\/site\/wp-json\/wp\/v2\/categories?post=8070"},{"taxonomy":"post_tag","embeddable":true,"href":"https:\/\/www.andancas.net\/site\/wp-json\/wp\/v2\/tags?post=8070"}],"curies":[{"name":"wp","href":"https:\/\/api.w.org\/{rel}","templated":true}]}}