{"id":8057,"date":"2025-02-03T09:00:40","date_gmt":"2025-02-03T09:00:40","guid":{"rendered":"http:\/\/www.andancas.net\/site\/?p=8057"},"modified":"2025-02-03T10:01:11","modified_gmt":"2025-02-03T10:01:11","slug":"candidaturas-a-programacao-artistica-do-andancas-2025-de-1-a-28-de-fevereiro","status":"publish","type":"post","link":"https:\/\/www.andancas.net\/site\/2025\/02\/03\/candidaturas-a-programacao-artistica-do-andancas-2025-de-1-a-28-de-fevereiro\/","title":{"rendered":"Est\u00e3o abertas as candidaturas \u00e0 programa\u00e7\u00e3o art\u00edstica do Andan\u00e7as 2025, de 3 de fevereiro a 3 de mar\u00e7o!"},"content":{"rendered":"<p>Tens um projeto que concilia a tradi\u00e7\u00e3o com o contempor\u00e2neo? Ensinas dan\u00e7a, yoga, artes e of\u00edcios ou outro saber especial e queres partilhar com o mundo? Fazes parte de alguma banda ou grupo de dan\u00e7a, ou de ambos, e queres p\u00f4r todos a dan\u00e7ar?<br \/>\nCandidata-te \u00e0 programa\u00e7\u00e3o art\u00edstica do Andan\u00e7as 2025 e junta-te \u00e0 fam\u00edlia Andan\u00e7as!<\/p>\n<p>Estamos \u00e0 procura de propostas criativas e originais, que sejam participativas, provoquem movimento, estimulem encontros e potenciem a alegria, a boa vontade, o sonho e a celebra\u00e7\u00e3o, com os olhos no futuro e\u00a0 novas abordagens \u00e0 cultura!<\/p>\n<p><strong>As propostas \u00e0 programa\u00e7\u00e3o art\u00edstica podem ser submetidas de 3 de fevereiro a 3 de mar\u00e7o, atrav\u00e9s do preenchimento de um formul\u00e1rio online, dispon\u00edvel em <a href=\"https:\/\/www.andancas.net\/site\/info\/candidaturas\/\" target=\"_blank\" rel=\"noopener\">www.andancas.net\/site\/info\/candidaturas<\/a><\/strong><\/p>\n","protected":false},"excerpt":{"rendered":"<p>Tens um projeto que concilia a tradi\u00e7\u00e3o com o contempor\u00e2neo? Ensinas dan\u00e7a, yoga, artes e of\u00edcios ou outro saber especial e queres partilhar com o mundo? Fazes parte de alguma banda ou grupo de dan\u00e7a, ou de ambos, e queres p\u00f4r todos a dan\u00e7ar? Candidata-te \u00e0 programa\u00e7\u00e3o art\u00edstica do Andan\u00e7as 2025 e junta-te \u00e0 fam\u00edlia <a href=\"https:\/\/www.andancas.net\/site\/2025\/02\/03\/candidaturas-a-programacao-artistica-do-andancas-2025-de-1-a-28-de-fevereiro\/\" class=\"more-link\">&#8230;<span class=\"screen-reader-text\">  Est\u00e3o abertas as candidaturas \u00e0 programa\u00e7\u00e3o art\u00edstica do Andan\u00e7as 2025, de 3 de fevereiro a 3 de mar\u00e7o!<\/span><\/a><\/p>\n","protected":false},"author":1,"featured_media":7729,"comment_status":"closed","ping_status":"closed","sticky":false,"template":"","format":"standard","meta":{"_uf_show_specific_survey":0,"_uf_disable_surveys":false,"footnotes":""},"categories":[1],"tags":[],"class_list":["post-8057","post","type-post","status-publish","format-standard","has-post-thumbnail","hentry","category-sem-categoria"],"aioseo_notices":[],"aioseo_head":"\n\t\t<!-- All in One SEO 5.0.1 - aioseo.com -->\n\t<meta name=\"description\" content=\"Tens um projeto que concilia a tradi\u00e7\u00e3o com o contempor\u00e2neo? Ensinas dan\u00e7a, yoga, artes e of\u00edcios ou outro saber especial e queres partilhar com o mundo? Fazes parte de alguma banda ou grupo de dan\u00e7a, ou de ambos, e queres p\u00f4r todos a dan\u00e7ar? Candidata-te \u00e0 programa\u00e7\u00e3o art\u00edstica do Andan\u00e7as 2025 e junta-te \u00e0 fam\u00edlia\" \/>\n\t<meta name=\"robots\" content=\"max-image-preview:large\" \/>\n\t<meta name=\"author\" content=\"SuperAdminAndancas\"\/>\n\t<link rel=\"canonical\" href=\"https:\/\/www.andancas.net\/site\/2025\/02\/03\/candidaturas-a-programacao-artistica-do-andancas-2025-de-1-a-28-de-fevereiro\/\" \/>\n\t<meta name=\"generator\" content=\"All in One SEO (AIOSEO) 5.0.1\" \/>\n\t\t<meta property=\"og:locale\" content=\"pt_PT\" \/>\n\t\t<meta property=\"og:site_name\" content=\"Andan\u00e7as -\" \/>\n\t\t<meta property=\"og:type\" content=\"article\" \/>\n\t\t<meta property=\"og:title\" content=\"Est\u00e3o abertas as candidaturas \u00e0 programa\u00e7\u00e3o art\u00edstica do Andan\u00e7as 2025, de 3 de fevereiro a 3 de mar\u00e7o! - Andan\u00e7as\" \/>\n\t\t<meta property=\"og:description\" content=\"Tens um projeto que concilia a tradi\u00e7\u00e3o com o contempor\u00e2neo? Ensinas dan\u00e7a, yoga, artes e of\u00edcios ou outro saber especial e queres partilhar com o mundo? Fazes parte de alguma banda ou grupo de dan\u00e7a, ou de ambos, e queres p\u00f4r todos a dan\u00e7ar? Candidata-te \u00e0 programa\u00e7\u00e3o art\u00edstica do Andan\u00e7as 2025 e junta-te \u00e0 fam\u00edlia\" \/>\n\t\t<meta property=\"og:url\" content=\"https:\/\/www.andancas.net\/site\/2025\/02\/03\/candidaturas-a-programacao-artistica-do-andancas-2025-de-1-a-28-de-fevereiro\/\" \/>\n\t\t<meta property=\"article:published_time\" content=\"2025-02-03T09:00:40+00:00\" \/>\n\t\t<meta property=\"article:modified_time\" content=\"2025-02-03T10:01:11+00:00\" \/>\n\t\t<meta name=\"twitter:card\" content=\"summary_large_image\" \/>\n\t\t<meta name=\"twitter:title\" content=\"Est\u00e3o abertas as candidaturas \u00e0 programa\u00e7\u00e3o art\u00edstica do Andan\u00e7as 2025, de 3 de fevereiro a 3 de mar\u00e7o! - Andan\u00e7as\" \/>\n\t\t<meta name=\"twitter:description\" content=\"Tens um projeto que concilia a tradi\u00e7\u00e3o com o contempor\u00e2neo? Ensinas dan\u00e7a, yoga, artes e of\u00edcios ou outro saber especial e queres partilhar com o mundo? Fazes parte de alguma banda ou grupo de dan\u00e7a, ou de ambos, e queres p\u00f4r todos a dan\u00e7ar? Candidata-te \u00e0 programa\u00e7\u00e3o art\u00edstica do Andan\u00e7as 2025 e junta-te \u00e0 fam\u00edlia\" \/>\n\t\t<script type=\"application\/ld+json\" class=\"aioseo-schema\">\n\t\t\t{\"@context\":\"https:\\\/\\\/schema.org\",\"@graph\":[{\"@type\":\"BlogPosting\",\"@id\":\"https:\\\/\\\/www.andancas.net\\\/site\\\/2025\\\/02\\\/03\\\/candidaturas-a-programacao-artistica-do-andancas-2025-de-1-a-28-de-fevereiro\\\/#blogposting\",\"name\":\"Est\\u00e3o abertas as candidaturas \\u00e0 programa\\u00e7\\u00e3o art\\u00edstica do Andan\\u00e7as 2025, de 3 de fevereiro a 3 de mar\\u00e7o! - Andan\\u00e7as\",\"headline\":\"Est\\u00e3o abertas as candidaturas \\u00e0 programa\\u00e7\\u00e3o art\\u00edstica do Andan\\u00e7as 2025, de 3 de fevereiro a 3 de mar\\u00e7o!\",\"author\":{\"@id\":\"https:\\\/\\\/www.andancas.net\\\/site\\\/author\\\/superadminandancas\\\/#author\"},\"publisher\":{\"@id\":\"https:\\\/\\\/www.andancas.net\\\/site\\\/#organization\"},\"image\":{\"@type\":\"ImageObject\",\"url\":\"https:\\\/\\\/www.andancas.net\\\/site\\\/wp-content\\\/uploads\\\/2024\\\/12\\\/MG_9337.jpg\",\"width\":1800,\"height\":1200},\"datePublished\":\"2025-02-03T09:00:40+00:00\",\"dateModified\":\"2025-02-03T10:01:11+00:00\",\"inLanguage\":\"pt-PT\",\"mainEntityOfPage\":{\"@id\":\"https:\\\/\\\/www.andancas.net\\\/site\\\/2025\\\/02\\\/03\\\/candidaturas-a-programacao-artistica-do-andancas-2025-de-1-a-28-de-fevereiro\\\/#webpage\"},\"isPartOf\":{\"@id\":\"https:\\\/\\\/www.andancas.net\\\/site\\\/2025\\\/02\\\/03\\\/candidaturas-a-programacao-artistica-do-andancas-2025-de-1-a-28-de-fevereiro\\\/#webpage\"},\"articleSection\":\"Sem categoria, Portugu\\u00eas, pll_6776b1815ac66\"},{\"@type\":\"BreadcrumbList\",\"@id\":\"https:\\\/\\\/www.andancas.net\\\/site\\\/2025\\\/02\\\/03\\\/candidaturas-a-programacao-artistica-do-andancas-2025-de-1-a-28-de-fevereiro\\\/#breadcrumblist\",\"itemListElement\":[{\"@type\":\"ListItem\",\"@id\":\"https:\\\/\\\/www.andancas.net\\\/site#listItem\",\"position\":1,\"name\":\"Home\",\"item\":\"https:\\\/\\\/www.andancas.net\\\/site\",\"nextItem\":{\"@type\":\"ListItem\",\"@id\":\"https:\\\/\\\/www.andancas.net\\\/site\\\/category\\\/sem-categoria\\\/#listItem\",\"name\":\"Sem categoria\"}},{\"@type\":\"ListItem\",\"@id\":\"https:\\\/\\\/www.andancas.net\\\/site\\\/category\\\/sem-categoria\\\/#listItem\",\"position\":2,\"name\":\"Sem categoria\",\"item\":\"https:\\\/\\\/www.andancas.net\\\/site\\\/category\\\/sem-categoria\\\/\",\"nextItem\":{\"@type\":\"ListItem\",\"@id\":\"https:\\\/\\\/www.andancas.net\\\/site\\\/2025\\\/02\\\/03\\\/candidaturas-a-programacao-artistica-do-andancas-2025-de-1-a-28-de-fevereiro\\\/#listItem\",\"name\":\"Est\\u00e3o abertas as candidaturas \\u00e0 programa\\u00e7\\u00e3o art\\u00edstica do Andan\\u00e7as 2025, de 3 de fevereiro a 3 de mar\\u00e7o!\"},\"previousItem\":{\"@type\":\"ListItem\",\"@id\":\"https:\\\/\\\/www.andancas.net\\\/site#listItem\",\"name\":\"Home\"}},{\"@type\":\"ListItem\",\"@id\":\"https:\\\/\\\/www.andancas.net\\\/site\\\/2025\\\/02\\\/03\\\/candidaturas-a-programacao-artistica-do-andancas-2025-de-1-a-28-de-fevereiro\\\/#listItem\",\"position\":3,\"name\":\"Est\\u00e3o abertas as candidaturas \\u00e0 programa\\u00e7\\u00e3o art\\u00edstica do Andan\\u00e7as 2025, de 3 de fevereiro a 3 de mar\\u00e7o!\",\"previousItem\":{\"@type\":\"ListItem\",\"@id\":\"https:\\\/\\\/www.andancas.net\\\/site\\\/category\\\/sem-categoria\\\/#listItem\",\"name\":\"Sem categoria\"}}]},{\"@type\":\"Organization\",\"@id\":\"https:\\\/\\\/www.andancas.net\\\/site\\\/#organization\",\"name\":\"Andan\\u00e7as\",\"url\":\"https:\\\/\\\/www.andancas.net\\\/site\\\/\"},{\"@type\":\"Person\",\"@id\":\"https:\\\/\\\/www.andancas.net\\\/site\\\/author\\\/superadminandancas\\\/#author\",\"url\":\"https:\\\/\\\/www.andancas.net\\\/site\\\/author\\\/superadminandancas\\\/\",\"name\":\"SuperAdminAndancas\",\"image\":{\"@type\":\"ImageObject\",\"@id\":\"https:\\\/\\\/www.andancas.net\\\/site\\\/2025\\\/02\\\/03\\\/candidaturas-a-programacao-artistica-do-andancas-2025-de-1-a-28-de-fevereiro\\\/#authorImage\",\"url\":\"https:\\\/\\\/secure.gravatar.com\\\/avatar\\\/7c5df3e493df7c75d62c64f7f220d0afbc8179289d5d4e6329f5444fde1d842b?s=96&d=mm&r=g\",\"width\":96,\"height\":96,\"caption\":\"SuperAdminAndancas\"}},{\"@type\":\"WebPage\",\"@id\":\"https:\\\/\\\/www.andancas.net\\\/site\\\/2025\\\/02\\\/03\\\/candidaturas-a-programacao-artistica-do-andancas-2025-de-1-a-28-de-fevereiro\\\/#webpage\",\"url\":\"https:\\\/\\\/www.andancas.net\\\/site\\\/2025\\\/02\\\/03\\\/candidaturas-a-programacao-artistica-do-andancas-2025-de-1-a-28-de-fevereiro\\\/\",\"name\":\"Est\\u00e3o abertas as candidaturas \\u00e0 programa\\u00e7\\u00e3o art\\u00edstica do Andan\\u00e7as 2025, de 3 de fevereiro a 3 de mar\\u00e7o! - Andan\\u00e7as\",\"description\":\"Tens um projeto que concilia a tradi\\u00e7\\u00e3o com o contempor\\u00e2neo? Ensinas dan\\u00e7a, yoga, artes e of\\u00edcios ou outro saber especial e queres partilhar com o mundo? Fazes parte de alguma banda ou grupo de dan\\u00e7a, ou de ambos, e queres p\\u00f4r todos a dan\\u00e7ar? Candidata-te \\u00e0 programa\\u00e7\\u00e3o art\\u00edstica do Andan\\u00e7as 2025 e junta-te \\u00e0 fam\\u00edlia\",\"inLanguage\":\"pt-PT\",\"isPartOf\":{\"@id\":\"https:\\\/\\\/www.andancas.net\\\/site\\\/#website\"},\"breadcrumb\":{\"@id\":\"https:\\\/\\\/www.andancas.net\\\/site\\\/2025\\\/02\\\/03\\\/candidaturas-a-programacao-artistica-do-andancas-2025-de-1-a-28-de-fevereiro\\\/#breadcrumblist\"},\"author\":{\"@id\":\"https:\\\/\\\/www.andancas.net\\\/site\\\/author\\\/superadminandancas\\\/#author\"},\"creator\":{\"@id\":\"https:\\\/\\\/www.andancas.net\\\/site\\\/author\\\/superadminandancas\\\/#author\"},\"image\":{\"@type\":\"ImageObject\",\"url\":\"https:\\\/\\\/www.andancas.net\\\/site\\\/wp-content\\\/uploads\\\/2024\\\/12\\\/MG_9337.jpg\",\"@id\":\"https:\\\/\\\/www.andancas.net\\\/site\\\/2025\\\/02\\\/03\\\/candidaturas-a-programacao-artistica-do-andancas-2025-de-1-a-28-de-fevereiro\\\/#mainImage\",\"width\":1800,\"height\":1200},\"primaryImageOfPage\":{\"@id\":\"https:\\\/\\\/www.andancas.net\\\/site\\\/2025\\\/02\\\/03\\\/candidaturas-a-programacao-artistica-do-andancas-2025-de-1-a-28-de-fevereiro\\\/#mainImage\"},\"datePublished\":\"2025-02-03T09:00:40+00:00\",\"dateModified\":\"2025-02-03T10:01:11+00:00\"},{\"@type\":\"WebSite\",\"@id\":\"https:\\\/\\\/www.andancas.net\\\/site\\\/#website\",\"url\":\"https:\\\/\\\/www.andancas.net\\\/site\\\/\",\"name\":\"Andan\\u00e7as\",\"inLanguage\":\"pt-PT\",\"publisher\":{\"@id\":\"https:\\\/\\\/www.andancas.net\\\/site\\\/#organization\"}}]}\n\t\t<\/script>\n\t\t<!-- All in One SEO -->\n\n","aioseo_head_json":{"title":"Est\u00e3o abertas as candidaturas \u00e0 programa\u00e7\u00e3o art\u00edstica do Andan\u00e7as 2025, de 3 de fevereiro a 3 de mar\u00e7o! - Andan\u00e7as","description":"Tens um projeto que concilia a tradi\u00e7\u00e3o com o contempor\u00e2neo? Ensinas dan\u00e7a, yoga, artes e of\u00edcios ou outro saber especial e queres partilhar com o mundo? Fazes parte de alguma banda ou grupo de dan\u00e7a, ou de ambos, e queres p\u00f4r todos a dan\u00e7ar? Candidata-te \u00e0 programa\u00e7\u00e3o art\u00edstica do Andan\u00e7as 2025 e junta-te \u00e0 fam\u00edlia","canonical_url":"https:\/\/www.andancas.net\/site\/2025\/02\/03\/candidaturas-a-programacao-artistica-do-andancas-2025-de-1-a-28-de-fevereiro\/","robots":"max-image-preview:large","keywords":"","webmasterTools":{"miscellaneous":""},"schema":{"@context":"https:\/\/schema.org","@graph":[{"@type":"BlogPosting","@id":"https:\/\/www.andancas.net\/site\/2025\/02\/03\/candidaturas-a-programacao-artistica-do-andancas-2025-de-1-a-28-de-fevereiro\/#blogposting","name":"Est\u00e3o abertas as candidaturas \u00e0 programa\u00e7\u00e3o art\u00edstica do Andan\u00e7as 2025, de 3 de fevereiro a 3 de mar\u00e7o! - Andan\u00e7as","headline":"Est\u00e3o abertas as candidaturas \u00e0 programa\u00e7\u00e3o art\u00edstica do Andan\u00e7as 2025, de 3 de fevereiro a 3 de mar\u00e7o!","author":{"@id":"https:\/\/www.andancas.net\/site\/author\/superadminandancas\/#author"},"publisher":{"@id":"https:\/\/www.andancas.net\/site\/#organization"},"image":{"@type":"ImageObject","url":"https:\/\/www.andancas.net\/site\/wp-content\/uploads\/2024\/12\/MG_9337.jpg","width":1800,"height":1200},"datePublished":"2025-02-03T09:00:40+00:00","dateModified":"2025-02-03T10:01:11+00:00","inLanguage":"pt-PT","mainEntityOfPage":{"@id":"https:\/\/www.andancas.net\/site\/2025\/02\/03\/candidaturas-a-programacao-artistica-do-andancas-2025-de-1-a-28-de-fevereiro\/#webpage"},"isPartOf":{"@id":"https:\/\/www.andancas.net\/site\/2025\/02\/03\/candidaturas-a-programacao-artistica-do-andancas-2025-de-1-a-28-de-fevereiro\/#webpage"},"articleSection":"Sem categoria, Portugu\u00eas, pll_6776b1815ac66"},{"@type":"BreadcrumbList","@id":"https:\/\/www.andancas.net\/site\/2025\/02\/03\/candidaturas-a-programacao-artistica-do-andancas-2025-de-1-a-28-de-fevereiro\/#breadcrumblist","itemListElement":[{"@type":"ListItem","@id":"https:\/\/www.andancas.net\/site#listItem","position":1,"name":"Home","item":"https:\/\/www.andancas.net\/site","nextItem":{"@type":"ListItem","@id":"https:\/\/www.andancas.net\/site\/category\/sem-categoria\/#listItem","name":"Sem categoria"}},{"@type":"ListItem","@id":"https:\/\/www.andancas.net\/site\/category\/sem-categoria\/#listItem","position":2,"name":"Sem categoria","item":"https:\/\/www.andancas.net\/site\/category\/sem-categoria\/","nextItem":{"@type":"ListItem","@id":"https:\/\/www.andancas.net\/site\/2025\/02\/03\/candidaturas-a-programacao-artistica-do-andancas-2025-de-1-a-28-de-fevereiro\/#listItem","name":"Est\u00e3o abertas as candidaturas \u00e0 programa\u00e7\u00e3o art\u00edstica do Andan\u00e7as 2025, de 3 de fevereiro a 3 de mar\u00e7o!"},"previousItem":{"@type":"ListItem","@id":"https:\/\/www.andancas.net\/site#listItem","name":"Home"}},{"@type":"ListItem","@id":"https:\/\/www.andancas.net\/site\/2025\/02\/03\/candidaturas-a-programacao-artistica-do-andancas-2025-de-1-a-28-de-fevereiro\/#listItem","position":3,"name":"Est\u00e3o abertas as candidaturas \u00e0 programa\u00e7\u00e3o art\u00edstica do Andan\u00e7as 2025, de 3 de fevereiro a 3 de mar\u00e7o!","previousItem":{"@type":"ListItem","@id":"https:\/\/www.andancas.net\/site\/category\/sem-categoria\/#listItem","name":"Sem categoria"}}]},{"@type":"Organization","@id":"https:\/\/www.andancas.net\/site\/#organization","name":"Andan\u00e7as","url":"https:\/\/www.andancas.net\/site\/"},{"@type":"Person","@id":"https:\/\/www.andancas.net\/site\/author\/superadminandancas\/#author","url":"https:\/\/www.andancas.net\/site\/author\/superadminandancas\/","name":"SuperAdminAndancas","image":{"@type":"ImageObject","@id":"https:\/\/www.andancas.net\/site\/2025\/02\/03\/candidaturas-a-programacao-artistica-do-andancas-2025-de-1-a-28-de-fevereiro\/#authorImage","url":"https:\/\/secure.gravatar.com\/avatar\/7c5df3e493df7c75d62c64f7f220d0afbc8179289d5d4e6329f5444fde1d842b?s=96&d=mm&r=g","width":96,"height":96,"caption":"SuperAdminAndancas"}},{"@type":"WebPage","@id":"https:\/\/www.andancas.net\/site\/2025\/02\/03\/candidaturas-a-programacao-artistica-do-andancas-2025-de-1-a-28-de-fevereiro\/#webpage","url":"https:\/\/www.andancas.net\/site\/2025\/02\/03\/candidaturas-a-programacao-artistica-do-andancas-2025-de-1-a-28-de-fevereiro\/","name":"Est\u00e3o abertas as candidaturas \u00e0 programa\u00e7\u00e3o art\u00edstica do Andan\u00e7as 2025, de 3 de fevereiro a 3 de mar\u00e7o! - Andan\u00e7as","description":"Tens um projeto que concilia a tradi\u00e7\u00e3o com o contempor\u00e2neo? Ensinas dan\u00e7a, yoga, artes e of\u00edcios ou outro saber especial e queres partilhar com o mundo? Fazes parte de alguma banda ou grupo de dan\u00e7a, ou de ambos, e queres p\u00f4r todos a dan\u00e7ar? Candidata-te \u00e0 programa\u00e7\u00e3o art\u00edstica do Andan\u00e7as 2025 e junta-te \u00e0 fam\u00edlia","inLanguage":"pt-PT","isPartOf":{"@id":"https:\/\/www.andancas.net\/site\/#website"},"breadcrumb":{"@id":"https:\/\/www.andancas.net\/site\/2025\/02\/03\/candidaturas-a-programacao-artistica-do-andancas-2025-de-1-a-28-de-fevereiro\/#breadcrumblist"},"author":{"@id":"https:\/\/www.andancas.net\/site\/author\/superadminandancas\/#author"},"creator":{"@id":"https:\/\/www.andancas.net\/site\/author\/superadminandancas\/#author"},"image":{"@type":"ImageObject","url":"https:\/\/www.andancas.net\/site\/wp-content\/uploads\/2024\/12\/MG_9337.jpg","@id":"https:\/\/www.andancas.net\/site\/2025\/02\/03\/candidaturas-a-programacao-artistica-do-andancas-2025-de-1-a-28-de-fevereiro\/#mainImage","width":1800,"height":1200},"primaryImageOfPage":{"@id":"https:\/\/www.andancas.net\/site\/2025\/02\/03\/candidaturas-a-programacao-artistica-do-andancas-2025-de-1-a-28-de-fevereiro\/#mainImage"},"datePublished":"2025-02-03T09:00:40+00:00","dateModified":"2025-02-03T10:01:11+00:00"},{"@type":"WebSite","@id":"https:\/\/www.andancas.net\/site\/#website","url":"https:\/\/www.andancas.net\/site\/","name":"Andan\u00e7as","inLanguage":"pt-PT","publisher":{"@id":"https:\/\/www.andancas.net\/site\/#organization"}}]},"og:locale":"pt_PT","og:site_name":"Andan\u00e7as -","og:type":"article","og:title":"Est\u00e3o abertas as candidaturas \u00e0 programa\u00e7\u00e3o art\u00edstica do Andan\u00e7as 2025, de 3 de fevereiro a 3 de mar\u00e7o! - Andan\u00e7as","og:description":"Tens um projeto que concilia a tradi\u00e7\u00e3o com o contempor\u00e2neo? Ensinas dan\u00e7a, yoga, artes e of\u00edcios ou outro saber especial e queres partilhar com o mundo? Fazes parte de alguma banda ou grupo de dan\u00e7a, ou de ambos, e queres p\u00f4r todos a dan\u00e7ar? Candidata-te \u00e0 programa\u00e7\u00e3o art\u00edstica do Andan\u00e7as 2025 e junta-te \u00e0 fam\u00edlia","og:url":"https:\/\/www.andancas.net\/site\/2025\/02\/03\/candidaturas-a-programacao-artistica-do-andancas-2025-de-1-a-28-de-fevereiro\/","article:published_time":"2025-02-03T09:00:40+00:00","article:modified_time":"2025-02-03T10:01:11+00:00","twitter:card":"summary_large_image","twitter:title":"Est\u00e3o abertas as candidaturas \u00e0 programa\u00e7\u00e3o art\u00edstica do Andan\u00e7as 2025, de 3 de fevereiro a 3 de mar\u00e7o! - Andan\u00e7as","twitter:description":"Tens um projeto que concilia a tradi\u00e7\u00e3o com o contempor\u00e2neo? Ensinas dan\u00e7a, yoga, artes e of\u00edcios ou outro saber especial e queres partilhar com o mundo? Fazes parte de alguma banda ou grupo de dan\u00e7a, ou de ambos, e queres p\u00f4r todos a dan\u00e7ar? Candidata-te \u00e0 programa\u00e7\u00e3o art\u00edstica do Andan\u00e7as 2025 e junta-te \u00e0 fam\u00edlia"},"aioseo_meta_data":[],"aioseo_breadcrumb":"<div class=\"aioseo-breadcrumbs\"><span class=\"aioseo-breadcrumb\">\n\t\t\t<a href=\"https:\/\/www.andancas.net\/site\" title=\"Home\">Home<\/a>\n\t\t<\/span><span class=\"aioseo-breadcrumb-separator\">&raquo;<\/span><span class=\"aioseo-breadcrumb\">\n\t\t\t<a href=\"https:\/\/www.andancas.net\/site\/category\/sem-categoria\/\" title=\"Sem categoria\">Sem categoria<\/a>\n\t\t<\/span><span class=\"aioseo-breadcrumb-separator\">&raquo;<\/span><span class=\"aioseo-breadcrumb\">\n\t\t\tEst\u00e3o abertas as candidaturas \u00e0 programa\u00e7\u00e3o art\u00edstica do Andan\u00e7as 2025, de 3 de fevereiro a 3 de mar\u00e7o!\n\t\t<\/span><\/div>","aioseo_breadcrumb_json":[{"label":"Home","link":"https:\/\/www.andancas.net\/site"},{"label":"Sem categoria","link":"https:\/\/www.andancas.net\/site\/category\/sem-categoria\/"},{"label":"Est\u00e3o abertas as candidaturas \u00e0 programa\u00e7\u00e3o art\u00edstica do Andan\u00e7as 2025, de 3 de fevereiro a 3 de mar\u00e7o!","link":"https:\/\/www.andancas.net\/site\/2025\/02\/03\/candidaturas-a-programacao-artistica-do-andancas-2025-de-1-a-28-de-fevereiro\/"}],"_links":{"self":[{"href":"https:\/\/www.andancas.net\/site\/wp-json\/wp\/v2\/posts\/8057","targetHints":{"allow":["GET"]}}],"collection":[{"href":"https:\/\/www.andancas.net\/site\/wp-json\/wp\/v2\/posts"}],"about":[{"href":"https:\/\/www.andancas.net\/site\/wp-json\/wp\/v2\/types\/post"}],"author":[{"embeddable":true,"href":"https:\/\/www.andancas.net\/site\/wp-json\/wp\/v2\/users\/1"}],"replies":[{"embeddable":true,"href":"https:\/\/www.andancas.net\/site\/wp-json\/wp\/v2\/comments?post=8057"}],"version-history":[{"count":0,"href":"https:\/\/www.andancas.net\/site\/wp-json\/wp\/v2\/posts\/8057\/revisions"}],"wp:featuredmedia":[{"embeddable":true,"href":"https:\/\/www.andancas.net\/site\/wp-json\/wp\/v2\/media\/7729"}],"wp:attachment":[{"href":"https:\/\/www.andancas.net\/site\/wp-json\/wp\/v2\/media?parent=8057"}],"wp:term":[{"taxonomy":"category","embeddable":true,"href":"https:\/\/www.andancas.net\/site\/wp-json\/wp\/v2\/categories?post=8057"},{"taxonomy":"post_tag","embeddable":true,"href":"https:\/\/www.andancas.net\/site\/wp-json\/wp\/v2\/tags?post=8057"}],"curies":[{"name":"wp","href":"https:\/\/api.w.org\/{rel}","templated":true}]}}