{"id":8040,"date":"2025-01-02T14:43:43","date_gmt":"2025-01-02T14:43:43","guid":{"rendered":"http:\/\/www.andancas.net\/site\/?p=8040"},"modified":"2025-01-02T14:45:12","modified_gmt":"2025-01-02T14:45:12","slug":"o-festival-andancas-esta-de-volta-em-2025","status":"publish","type":"post","link":"https:\/\/www.andancas.net\/site\/2025\/01\/02\/o-festival-andancas-esta-de-volta-em-2025\/","title":{"rendered":"O Festival Andan\u00e7as est\u00e1 de volta em 2025!"},"content":{"rendered":"\t\t<div data-elementor-type=\"wp-post\" data-elementor-id=\"8040\" class=\"elementor elementor-8040\" data-elementor-settings=\"{&quot;ha_cmc_init_switcher&quot;:&quot;no&quot;}\">\n\t\t\t\t<div class=\"elementor-element elementor-element-cdbebb7 e-flex e-con-boxed e-con e-parent\" data-id=\"cdbebb7\" data-element_type=\"container\" data-e-type=\"container\" data-settings=\"{&quot;_ha_eqh_enable&quot;:false}\">\n\t\t\t\t\t<div class=\"e-con-inner\">\n\t\t\t\t<div class=\"elementor-element elementor-element-7fe2716 elementor-widget elementor-widget-text-editor\" data-id=\"7fe2716\" data-element_type=\"widget\" data-e-type=\"widget\" data-widget_type=\"text-editor.default\">\n\t\t\t\t<div class=\"elementor-widget-container\">\n\t\t\t\t\t\t\t\t\t<div class=\"elementor-element elementor-element-c078990 e-flex e-con-boxed e-con e-parent e-lazyloaded\" data-id=\"c078990\" data-element_type=\"container\" data-settings=\"{&quot;_ha_eqh_enable&quot;:false}\"><div class=\"e-con-inner\"><div class=\"elementor-element elementor-element-dabb9ed e-con-full e-flex e-con e-child\" data-id=\"dabb9ed\" data-element_type=\"container\" data-settings=\"{&quot;_ha_eqh_enable&quot;:false}\"><div class=\"elementor-element elementor-element-4b0065f elementor-widget elementor-widget-heading\" data-id=\"4b0065f\" data-element_type=\"widget\" data-widget_type=\"heading.default\"><div class=\"elementor-widget-container\"><h2 class=\"elementor-heading-title elementor-size-default\">ANDAN\u00c7AS NO CAMPINHO<\/h2><\/div><\/div><div class=\"elementor-element elementor-element-e4d39cc elementor-widget elementor-widget-text-editor\" data-id=\"e4d39cc\" data-element_type=\"widget\" data-widget_type=\"text-editor.default\"><div class=\"elementor-widget-container\"><p>Em 2021 o Festival Andan\u00e7as encontrou uma nova casa que fica no\u00a0<strong>Campinho<\/strong>, uma aldeia do concelho de Reguengos de Monsaraz, com vista para a plan\u00edcie alentejana, dos sobreiros e azinheiras, a 3km do espelho de \u00e1gua de Alqueva.<br \/>Em 2021, come\u00e7\u00e1mos \u00abA Caminhar para o Andan\u00e7as\u00bb, numa edi\u00e7\u00e3o especial para conhecer a regi\u00e3o e apontar para o futuro do festival, onde trocamos sementes e prometemos germinar nesta nova terra. Assim, no ano seguinte, o Andan\u00e7as germinou no Campinho, trazendo de volta os quatro pilares do festival \u2013\u00a0<strong>Dan\u00e7a&amp;M\u00fasica, Voluntariado, Comunidade e Sustentabilidade<\/strong>\u00a0\u2013 e a grande fam\u00edlia de \u201cAndantes\u201d. Uma edi\u00e7\u00e3o desafiante que abra\u00e7ou toda a aldeia e recebeu tamb\u00e9m o abra\u00e7o desta comunidade! Um abra\u00e7o que chegou ainda a centenas de novos bailadores, trazendo novas vidas ao esp\u00edrito Andan\u00e7as.<br \/>E juntos\u00a0prometemos florescer! Depois da edi\u00e7\u00e3o de 2023,<strong>\u00a0vamos reencontrar-nos de 14 a 17 de agosto de 2025<\/strong>, em\u00a0parceria da C\u00e2mara Municipal de Reguengos de Monsaraz, da Junta de Freguesia de Campo e Campinho e da Associa\u00e7\u00e3o Gente Nova de Campinho.<\/p><\/div><\/div><div class=\"elementor-element elementor-element-fec7bb1 elementor-widget elementor-widget-spacer\" data-id=\"fec7bb1\" data-element_type=\"widget\" data-widget_type=\"spacer.default\"><div class=\"elementor-widget-container\"><div class=\"elementor-spacer\"><div class=\"elementor-spacer-inner\">\u00a0<\/div><\/div><\/div><\/div><div class=\"elementor-element elementor-element-c4df605 elementor-widget elementor-widget-heading\" data-id=\"c4df605\" data-element_type=\"widget\" data-widget_type=\"heading.default\"><div class=\"elementor-widget-container\"><h2 class=\"elementor-heading-title elementor-size-default\">ALENTEJO, CAMPINHO E CAMPINHENSES<\/h2><\/div><\/div><div class=\"elementor-element elementor-element-0bc828b elementor-widget elementor-widget-text-editor\" data-id=\"0bc828b\" data-element_type=\"widget\" data-widget_type=\"text-editor.default\"><div class=\"elementor-widget-container\"><p><strong>Campinho<\/strong>, no concelho de Reguengos de Monsaraz \u00e9 o ponto de encontro oficial para os\u00a0<em>Andantes<\/em>. Integrada na plan\u00edcie dos sobreiros e azinheiras, na paisagem amarela e ondulante de ver\u00e3o, a aldeia de Campinho fica a 3km das calmas e id\u00edlicas \u00e1guas de\u00a0<strong>Alqueva<\/strong>, o maior Lago artificial da Europa.\u00a0<strong>E sim, faz muito calor no Alentejo em pleno agosto! Tod@s @s amantes do Andan\u00e7as devem vir preparados com chap\u00e9u, protetor e len\u00e7os leves para proteger a pele do sol alentejano.<\/strong><\/p><p><strong><em>\u00abMas porqu\u00ea Campinho? Porque \u00e9 que o Andan\u00e7as se mudou para uma aldeia do interior alentejano, onde o calor aperta e as sombras t\u00eam que se conquistar?\u00bb<\/em><\/strong><\/p><p>A\u00a0<strong>descentraliza\u00e7\u00e3o cultural,<\/strong>\u00a0e o\u00a0<strong>Alentejo do interior<\/strong>\u00a0em particular, est\u00e3o no topo das aten\u00e7\u00f5es da programa\u00e7\u00e3o pensada pela P\u00e9deXumbo, bem como o desenvolvimento das comunidades e territ\u00f3rios que habita com os seus projetos.<br \/>O Andan\u00e7as encontrou uma nova casa, num lugar que, se n\u00e3o for habitado, mesmo que sazonalmente, estar\u00e1 cada vez mais isolado. E um territ\u00f3rio que n\u00e3o tem vida, n\u00e3o gera vida. Pelo seu hist\u00f3rico, o Andan\u00e7as, bem como os\u00a0<a href=\"http:\/\/www.andancas.net\/_site_antigo_consulta_98844556665541229\/comunidade-2\/\" target=\"_blank\" rel=\"noopener\">projetos<\/a>\u00a0que agrega ao longo do ano, vem assim trazer um contributo positivo para este concelho, um contributo que s\u00f3 \u00e9 v\u00e1lido se for desenvolvido a m\u00e9dio prazo, num processo colaborativo, pensado para ser um motor de desenvolvimento da regi\u00e3o. Como uma<strong>\u00a0aldeia global<\/strong>, onde os participantes s\u00e3o convidados a interagir e a partilhar, o festival d\u00e1 a oportunidade, a quem vem, de ser parte desse processo, n\u00e3o apenas atrav\u00e9s da programa\u00e7\u00e3o da qual v\u00eam usufruir, mas tamb\u00e9m atrav\u00e9s da partilha com esta comunidade e da experi\u00eancia das viv\u00eancias do lugar com as suas caracter\u00edsticas. O Andan\u00e7as d\u00e1 a oportunidade a quem vem de experienciar e refletir sobre como \u00e9 viver no interior alentejano.<\/p><p>Em 2025, o festival acontece de 14 a 17 de agosto, e volta \u00e0s\u00a0<strong>ruas e espa\u00e7os do Campinho<\/strong>, numa edi\u00e7\u00e3o para 1000 participantes. Do recinto principal ao campismo, do Espa\u00e7o Crian\u00e7a ao Espa\u00e7o Sa\u00fade, da bilheteira \u00e0 Cantina Andan\u00e7as, das ruelas \u00e0s pra\u00e7as para encher de m\u00fasica e andantes, encontrar\u00e3o todos os servi\u00e7os do festival nesta aldeia alentejana. E v\u00e3o encontrar tamb\u00e9m a padaria, os caf\u00e9s, restaurantes, tabernas, mercearias e os campinhenses, que esperam j\u00e1 o regresso do esp\u00edrito Andan\u00e7as a estas ruas.<\/p><\/div><\/div><\/div><\/div><\/div><div class=\"elementor-element elementor-element-a8a18f7 e-flex e-con-boxed e-con e-parent e-lazyloaded\" data-id=\"a8a18f7\" data-element_type=\"container\" data-settings=\"{&quot;_ha_eqh_enable&quot;:false}\"><div class=\"e-con-inner\"><div class=\"elementor-element elementor-element-3d43f0c elementor-widget elementor-widget-heading\" data-id=\"3d43f0c\" data-element_type=\"widget\" data-widget_type=\"heading.default\"><div class=\"elementor-widget-container\"><h2 class=\"elementor-heading-title elementor-size-default\">QUATRO DIAS PARA FAZER<\/h2><\/div><\/div><\/div><\/div><div class=\"elementor-element elementor-element-ffd22e7 e-flex e-con-boxed e-con e-parent e-lazyloaded\" data-id=\"ffd22e7\" data-element_type=\"container\" data-settings=\"{&quot;_ha_eqh_enable&quot;:false}\"><div class=\"e-con-inner\"><div class=\"elementor-element elementor-element-6d37888 elementor-widget elementor-widget-text-editor\" data-id=\"6d37888\" data-element_type=\"widget\" data-widget_type=\"text-editor.default\"><div class=\"elementor-widget-container\"><p>O Andan\u00e7as \u00e9 mais do que um festival dedicado \u00e0 dan\u00e7a social, \u00e9 uma utopia que se torna temporariamente realidade, um marco anual para aficionados e uma experi\u00eancia in\u00e9dita para principiantes. No Andan\u00e7as, onde todos s\u00e3o participantes, ningu\u00e9m fica a ver, todos v\u00eam fazer.<br \/><strong>O festival prop\u00f5e quatro dias de uma programa\u00e7\u00e3o com diversas atividades ao longo do dia e para todas as idades.<\/strong>\u00a0A\u00a0<strong>m\u00fasica e a dan\u00e7a<\/strong>\u00a0popular voltam a ser os meios privilegiados de aprendizagem, interc\u00e2mbio entre gera\u00e7\u00f5es, saberes e culturas. Quatro dias para dan\u00e7ar, numa viagem a v\u00e1rios cantos do mundo, com os momentos de partilha e aprendizagem a que o festival nos habituou. Com quatro palcos principais, do programa voltam a fazer parte as\u00a0<strong>oficinas de dan\u00e7a, relaxamento e instrumentos, os bailes, concertos e espet\u00e1culos, o teatro e a performance<\/strong>. Destaca-se tamb\u00e9m o\u00a0<strong>Espa\u00e7o Crian\u00e7a com atividades para fam\u00edlias.<\/strong>\u00a0N\u00e3o vai faltar o Espa\u00e7o Paralelas, com propostas de manualidades e outras artes do \u201csaber fazer\u201d. Durante estes quatro dias, os amantes de\u00a0<strong>viagens e caminhadas<\/strong>\u00a0ter\u00e3o ainda oportunidade para conhecer a regi\u00e3o com as propostas da\u00a0<strong>programa\u00e7\u00e3o local<\/strong>, que mostram a\u00a0<strong>gastronomia, o artesanato e os costumes locais.<\/strong><\/p><\/div><\/div><\/div><\/div>\t\t\t\t\t\t\t\t<\/div>\n\t\t\t\t<\/div>\n\t\t\t\t\t<\/div>\n\t\t\t\t<\/div>\n\t\t\t\t<\/div>\n\t\t","protected":false},"excerpt":{"rendered":"<p>ANDAN\u00c7AS NO CAMPINHO Em 2021 o Festival Andan\u00e7as encontrou uma nova casa que fica no\u00a0Campinho, uma aldeia do concelho de Reguengos de Monsaraz, com vista para a plan\u00edcie alentejana, dos sobreiros e azinheiras, a 3km do espelho de \u00e1gua de Alqueva.Em 2021, come\u00e7\u00e1mos \u00abA Caminhar para o Andan\u00e7as\u00bb, numa edi\u00e7\u00e3o especial para conhecer a regi\u00e3o <a href=\"https:\/\/www.andancas.net\/site\/2025\/01\/02\/o-festival-andancas-esta-de-volta-em-2025\/\" class=\"more-link\">&#8230;<span class=\"screen-reader-text\">  O Festival Andan\u00e7as est\u00e1 de volta em 2025!<\/span><\/a><\/p>\n","protected":false},"author":1,"featured_media":7648,"comment_status":"closed","ping_status":"closed","sticky":false,"template":"","format":"standard","meta":{"_uf_show_specific_survey":0,"_uf_disable_surveys":false,"footnotes":""},"categories":[171],"tags":[],"class_list":["post-8040","post","type-post","status-publish","format-standard","has-post-thumbnail","hentry","category-andancas"],"aioseo_notices":[],"aioseo_head":"\n\t\t<!-- All in One SEO 5.0.1 - aioseo.com -->\n\t<meta name=\"description\" content=\"ANDAN\u00c7AS NO CAMPINHOEm 2021 o Festival Andan\u00e7as encontrou uma nova casa que fica no Campinho, uma aldeia do concelho de Reguengos de Monsaraz, com vista para a plan\u00edcie alentejana, dos sobreiros e azinheiras, a 3km do espelho de \u00e1gua de Alqueva.Em 2021, come\u00e7\u00e1mos \u00abA Caminhar para o Andan\u00e7as\u00bb, numa edi\u00e7\u00e3o especial para conhecer a regi\u00e3o e\" \/>\n\t<meta name=\"robots\" content=\"max-image-preview:large\" \/>\n\t<meta name=\"author\" content=\"SuperAdminAndancas\"\/>\n\t<link rel=\"canonical\" href=\"https:\/\/www.andancas.net\/site\/2025\/01\/02\/o-festival-andancas-esta-de-volta-em-2025\/\" \/>\n\t<meta name=\"generator\" content=\"All in One SEO (AIOSEO) 5.0.1\" \/>\n\t\t<meta property=\"og:locale\" content=\"pt_PT\" \/>\n\t\t<meta property=\"og:site_name\" content=\"Andan\u00e7as -\" \/>\n\t\t<meta property=\"og:type\" content=\"article\" \/>\n\t\t<meta property=\"og:title\" content=\"O Festival Andan\u00e7as est\u00e1 de volta em 2025! - Andan\u00e7as\" \/>\n\t\t<meta property=\"og:description\" content=\"ANDAN\u00c7AS NO CAMPINHOEm 2021 o Festival Andan\u00e7as encontrou uma nova casa que fica no Campinho, uma aldeia do concelho de Reguengos de Monsaraz, com vista para a plan\u00edcie alentejana, dos sobreiros e azinheiras, a 3km do espelho de \u00e1gua de Alqueva.Em 2021, come\u00e7\u00e1mos \u00abA Caminhar para o Andan\u00e7as\u00bb, numa edi\u00e7\u00e3o especial para conhecer a regi\u00e3o e\" \/>\n\t\t<meta property=\"og:url\" content=\"https:\/\/www.andancas.net\/site\/2025\/01\/02\/o-festival-andancas-esta-de-volta-em-2025\/\" \/>\n\t\t<meta property=\"article:published_time\" content=\"2025-01-02T14:43:43+00:00\" \/>\n\t\t<meta property=\"article:modified_time\" content=\"2025-01-02T14:45:12+00:00\" \/>\n\t\t<meta name=\"twitter:card\" content=\"summary_large_image\" \/>\n\t\t<meta name=\"twitter:title\" content=\"O Festival Andan\u00e7as est\u00e1 de volta em 2025! - Andan\u00e7as\" \/>\n\t\t<meta name=\"twitter:description\" content=\"ANDAN\u00c7AS NO CAMPINHOEm 2021 o Festival Andan\u00e7as encontrou uma nova casa que fica no Campinho, uma aldeia do concelho de Reguengos de Monsaraz, com vista para a plan\u00edcie alentejana, dos sobreiros e azinheiras, a 3km do espelho de \u00e1gua de Alqueva.Em 2021, come\u00e7\u00e1mos \u00abA Caminhar para o Andan\u00e7as\u00bb, numa edi\u00e7\u00e3o especial para conhecer a regi\u00e3o e\" \/>\n\t\t<script type=\"application\/ld+json\" class=\"aioseo-schema\">\n\t\t\t{\"@context\":\"https:\\\/\\\/schema.org\",\"@graph\":[{\"@type\":\"BlogPosting\",\"@id\":\"https:\\\/\\\/www.andancas.net\\\/site\\\/2025\\\/01\\\/02\\\/o-festival-andancas-esta-de-volta-em-2025\\\/#blogposting\",\"name\":\"O Festival Andan\\u00e7as est\\u00e1 de volta em 2025! - Andan\\u00e7as\",\"headline\":\"O Festival Andan\\u00e7as est\\u00e1 de volta em 2025!\",\"author\":{\"@id\":\"https:\\\/\\\/www.andancas.net\\\/site\\\/author\\\/superadminandancas\\\/#author\"},\"publisher\":{\"@id\":\"https:\\\/\\\/www.andancas.net\\\/site\\\/#organization\"},\"image\":{\"@type\":\"ImageObject\",\"url\":\"https:\\\/\\\/www.andancas.net\\\/site\\\/wp-content\\\/uploads\\\/2024\\\/12\\\/MG_8157.jpg\",\"width\":1800,\"height\":1200},\"datePublished\":\"2025-01-02T14:43:43+00:00\",\"dateModified\":\"2025-01-02T14:45:12+00:00\",\"inLanguage\":\"pt-PT\",\"mainEntityOfPage\":{\"@id\":\"https:\\\/\\\/www.andancas.net\\\/site\\\/2025\\\/01\\\/02\\\/o-festival-andancas-esta-de-volta-em-2025\\\/#webpage\"},\"isPartOf\":{\"@id\":\"https:\\\/\\\/www.andancas.net\\\/site\\\/2025\\\/01\\\/02\\\/o-festival-andancas-esta-de-volta-em-2025\\\/#webpage\"},\"articleSection\":\"Andan\\u00e7as, Portugu\\u00eas, pll_6776a6a07759c\"},{\"@type\":\"BreadcrumbList\",\"@id\":\"https:\\\/\\\/www.andancas.net\\\/site\\\/2025\\\/01\\\/02\\\/o-festival-andancas-esta-de-volta-em-2025\\\/#breadcrumblist\",\"itemListElement\":[{\"@type\":\"ListItem\",\"@id\":\"https:\\\/\\\/www.andancas.net\\\/site#listItem\",\"position\":1,\"name\":\"Home\",\"item\":\"https:\\\/\\\/www.andancas.net\\\/site\",\"nextItem\":{\"@type\":\"ListItem\",\"@id\":\"https:\\\/\\\/www.andancas.net\\\/site\\\/category\\\/andancas\\\/#listItem\",\"name\":\"Andan\\u00e7as\"}},{\"@type\":\"ListItem\",\"@id\":\"https:\\\/\\\/www.andancas.net\\\/site\\\/category\\\/andancas\\\/#listItem\",\"position\":2,\"name\":\"Andan\\u00e7as\",\"item\":\"https:\\\/\\\/www.andancas.net\\\/site\\\/category\\\/andancas\\\/\",\"nextItem\":{\"@type\":\"ListItem\",\"@id\":\"https:\\\/\\\/www.andancas.net\\\/site\\\/2025\\\/01\\\/02\\\/o-festival-andancas-esta-de-volta-em-2025\\\/#listItem\",\"name\":\"O Festival Andan\\u00e7as est\\u00e1 de volta em 2025!\"},\"previousItem\":{\"@type\":\"ListItem\",\"@id\":\"https:\\\/\\\/www.andancas.net\\\/site#listItem\",\"name\":\"Home\"}},{\"@type\":\"ListItem\",\"@id\":\"https:\\\/\\\/www.andancas.net\\\/site\\\/2025\\\/01\\\/02\\\/o-festival-andancas-esta-de-volta-em-2025\\\/#listItem\",\"position\":3,\"name\":\"O Festival Andan\\u00e7as est\\u00e1 de volta em 2025!\",\"previousItem\":{\"@type\":\"ListItem\",\"@id\":\"https:\\\/\\\/www.andancas.net\\\/site\\\/category\\\/andancas\\\/#listItem\",\"name\":\"Andan\\u00e7as\"}}]},{\"@type\":\"Organization\",\"@id\":\"https:\\\/\\\/www.andancas.net\\\/site\\\/#organization\",\"name\":\"Andan\\u00e7as\",\"url\":\"https:\\\/\\\/www.andancas.net\\\/site\\\/\"},{\"@type\":\"Person\",\"@id\":\"https:\\\/\\\/www.andancas.net\\\/site\\\/author\\\/superadminandancas\\\/#author\",\"url\":\"https:\\\/\\\/www.andancas.net\\\/site\\\/author\\\/superadminandancas\\\/\",\"name\":\"SuperAdminAndancas\",\"image\":{\"@type\":\"ImageObject\",\"@id\":\"https:\\\/\\\/www.andancas.net\\\/site\\\/2025\\\/01\\\/02\\\/o-festival-andancas-esta-de-volta-em-2025\\\/#authorImage\",\"url\":\"https:\\\/\\\/secure.gravatar.com\\\/avatar\\\/7c5df3e493df7c75d62c64f7f220d0afbc8179289d5d4e6329f5444fde1d842b?s=96&d=mm&r=g\",\"width\":96,\"height\":96,\"caption\":\"SuperAdminAndancas\"}},{\"@type\":\"WebPage\",\"@id\":\"https:\\\/\\\/www.andancas.net\\\/site\\\/2025\\\/01\\\/02\\\/o-festival-andancas-esta-de-volta-em-2025\\\/#webpage\",\"url\":\"https:\\\/\\\/www.andancas.net\\\/site\\\/2025\\\/01\\\/02\\\/o-festival-andancas-esta-de-volta-em-2025\\\/\",\"name\":\"O Festival Andan\\u00e7as est\\u00e1 de volta em 2025! - Andan\\u00e7as\",\"description\":\"ANDAN\\u00c7AS NO CAMPINHOEm 2021 o Festival Andan\\u00e7as encontrou uma nova casa que fica no Campinho, uma aldeia do concelho de Reguengos de Monsaraz, com vista para a plan\\u00edcie alentejana, dos sobreiros e azinheiras, a 3km do espelho de \\u00e1gua de Alqueva.Em 2021, come\\u00e7\\u00e1mos \\u00abA Caminhar para o Andan\\u00e7as\\u00bb, numa edi\\u00e7\\u00e3o especial para conhecer a regi\\u00e3o e\",\"inLanguage\":\"pt-PT\",\"isPartOf\":{\"@id\":\"https:\\\/\\\/www.andancas.net\\\/site\\\/#website\"},\"breadcrumb\":{\"@id\":\"https:\\\/\\\/www.andancas.net\\\/site\\\/2025\\\/01\\\/02\\\/o-festival-andancas-esta-de-volta-em-2025\\\/#breadcrumblist\"},\"author\":{\"@id\":\"https:\\\/\\\/www.andancas.net\\\/site\\\/author\\\/superadminandancas\\\/#author\"},\"creator\":{\"@id\":\"https:\\\/\\\/www.andancas.net\\\/site\\\/author\\\/superadminandancas\\\/#author\"},\"image\":{\"@type\":\"ImageObject\",\"url\":\"https:\\\/\\\/www.andancas.net\\\/site\\\/wp-content\\\/uploads\\\/2024\\\/12\\\/MG_8157.jpg\",\"@id\":\"https:\\\/\\\/www.andancas.net\\\/site\\\/2025\\\/01\\\/02\\\/o-festival-andancas-esta-de-volta-em-2025\\\/#mainImage\",\"width\":1800,\"height\":1200},\"primaryImageOfPage\":{\"@id\":\"https:\\\/\\\/www.andancas.net\\\/site\\\/2025\\\/01\\\/02\\\/o-festival-andancas-esta-de-volta-em-2025\\\/#mainImage\"},\"datePublished\":\"2025-01-02T14:43:43+00:00\",\"dateModified\":\"2025-01-02T14:45:12+00:00\"},{\"@type\":\"WebSite\",\"@id\":\"https:\\\/\\\/www.andancas.net\\\/site\\\/#website\",\"url\":\"https:\\\/\\\/www.andancas.net\\\/site\\\/\",\"name\":\"Andan\\u00e7as\",\"inLanguage\":\"pt-PT\",\"publisher\":{\"@id\":\"https:\\\/\\\/www.andancas.net\\\/site\\\/#organization\"}}]}\n\t\t<\/script>\n\t\t<!-- All in One SEO -->\n\n","aioseo_head_json":{"title":"O Festival Andan\u00e7as est\u00e1 de volta em 2025! - Andan\u00e7as","description":"ANDAN\u00c7AS NO CAMPINHOEm 2021 o Festival Andan\u00e7as encontrou uma nova casa que fica no Campinho, uma aldeia do concelho de Reguengos de Monsaraz, com vista para a plan\u00edcie alentejana, dos sobreiros e azinheiras, a 3km do espelho de \u00e1gua de Alqueva.Em 2021, come\u00e7\u00e1mos \u00abA Caminhar para o Andan\u00e7as\u00bb, numa edi\u00e7\u00e3o especial para conhecer a regi\u00e3o e","canonical_url":"https:\/\/www.andancas.net\/site\/2025\/01\/02\/o-festival-andancas-esta-de-volta-em-2025\/","robots":"max-image-preview:large","keywords":"","webmasterTools":{"miscellaneous":""},"schema":{"@context":"https:\/\/schema.org","@graph":[{"@type":"BlogPosting","@id":"https:\/\/www.andancas.net\/site\/2025\/01\/02\/o-festival-andancas-esta-de-volta-em-2025\/#blogposting","name":"O Festival Andan\u00e7as est\u00e1 de volta em 2025! - Andan\u00e7as","headline":"O Festival Andan\u00e7as est\u00e1 de volta em 2025!","author":{"@id":"https:\/\/www.andancas.net\/site\/author\/superadminandancas\/#author"},"publisher":{"@id":"https:\/\/www.andancas.net\/site\/#organization"},"image":{"@type":"ImageObject","url":"https:\/\/www.andancas.net\/site\/wp-content\/uploads\/2024\/12\/MG_8157.jpg","width":1800,"height":1200},"datePublished":"2025-01-02T14:43:43+00:00","dateModified":"2025-01-02T14:45:12+00:00","inLanguage":"pt-PT","mainEntityOfPage":{"@id":"https:\/\/www.andancas.net\/site\/2025\/01\/02\/o-festival-andancas-esta-de-volta-em-2025\/#webpage"},"isPartOf":{"@id":"https:\/\/www.andancas.net\/site\/2025\/01\/02\/o-festival-andancas-esta-de-volta-em-2025\/#webpage"},"articleSection":"Andan\u00e7as, Portugu\u00eas, pll_6776a6a07759c"},{"@type":"BreadcrumbList","@id":"https:\/\/www.andancas.net\/site\/2025\/01\/02\/o-festival-andancas-esta-de-volta-em-2025\/#breadcrumblist","itemListElement":[{"@type":"ListItem","@id":"https:\/\/www.andancas.net\/site#listItem","position":1,"name":"Home","item":"https:\/\/www.andancas.net\/site","nextItem":{"@type":"ListItem","@id":"https:\/\/www.andancas.net\/site\/category\/andancas\/#listItem","name":"Andan\u00e7as"}},{"@type":"ListItem","@id":"https:\/\/www.andancas.net\/site\/category\/andancas\/#listItem","position":2,"name":"Andan\u00e7as","item":"https:\/\/www.andancas.net\/site\/category\/andancas\/","nextItem":{"@type":"ListItem","@id":"https:\/\/www.andancas.net\/site\/2025\/01\/02\/o-festival-andancas-esta-de-volta-em-2025\/#listItem","name":"O Festival Andan\u00e7as est\u00e1 de volta em 2025!"},"previousItem":{"@type":"ListItem","@id":"https:\/\/www.andancas.net\/site#listItem","name":"Home"}},{"@type":"ListItem","@id":"https:\/\/www.andancas.net\/site\/2025\/01\/02\/o-festival-andancas-esta-de-volta-em-2025\/#listItem","position":3,"name":"O Festival Andan\u00e7as est\u00e1 de volta em 2025!","previousItem":{"@type":"ListItem","@id":"https:\/\/www.andancas.net\/site\/category\/andancas\/#listItem","name":"Andan\u00e7as"}}]},{"@type":"Organization","@id":"https:\/\/www.andancas.net\/site\/#organization","name":"Andan\u00e7as","url":"https:\/\/www.andancas.net\/site\/"},{"@type":"Person","@id":"https:\/\/www.andancas.net\/site\/author\/superadminandancas\/#author","url":"https:\/\/www.andancas.net\/site\/author\/superadminandancas\/","name":"SuperAdminAndancas","image":{"@type":"ImageObject","@id":"https:\/\/www.andancas.net\/site\/2025\/01\/02\/o-festival-andancas-esta-de-volta-em-2025\/#authorImage","url":"https:\/\/secure.gravatar.com\/avatar\/7c5df3e493df7c75d62c64f7f220d0afbc8179289d5d4e6329f5444fde1d842b?s=96&d=mm&r=g","width":96,"height":96,"caption":"SuperAdminAndancas"}},{"@type":"WebPage","@id":"https:\/\/www.andancas.net\/site\/2025\/01\/02\/o-festival-andancas-esta-de-volta-em-2025\/#webpage","url":"https:\/\/www.andancas.net\/site\/2025\/01\/02\/o-festival-andancas-esta-de-volta-em-2025\/","name":"O Festival Andan\u00e7as est\u00e1 de volta em 2025! - Andan\u00e7as","description":"ANDAN\u00c7AS NO CAMPINHOEm 2021 o Festival Andan\u00e7as encontrou uma nova casa que fica no Campinho, uma aldeia do concelho de Reguengos de Monsaraz, com vista para a plan\u00edcie alentejana, dos sobreiros e azinheiras, a 3km do espelho de \u00e1gua de Alqueva.Em 2021, come\u00e7\u00e1mos \u00abA Caminhar para o Andan\u00e7as\u00bb, numa edi\u00e7\u00e3o especial para conhecer a regi\u00e3o e","inLanguage":"pt-PT","isPartOf":{"@id":"https:\/\/www.andancas.net\/site\/#website"},"breadcrumb":{"@id":"https:\/\/www.andancas.net\/site\/2025\/01\/02\/o-festival-andancas-esta-de-volta-em-2025\/#breadcrumblist"},"author":{"@id":"https:\/\/www.andancas.net\/site\/author\/superadminandancas\/#author"},"creator":{"@id":"https:\/\/www.andancas.net\/site\/author\/superadminandancas\/#author"},"image":{"@type":"ImageObject","url":"https:\/\/www.andancas.net\/site\/wp-content\/uploads\/2024\/12\/MG_8157.jpg","@id":"https:\/\/www.andancas.net\/site\/2025\/01\/02\/o-festival-andancas-esta-de-volta-em-2025\/#mainImage","width":1800,"height":1200},"primaryImageOfPage":{"@id":"https:\/\/www.andancas.net\/site\/2025\/01\/02\/o-festival-andancas-esta-de-volta-em-2025\/#mainImage"},"datePublished":"2025-01-02T14:43:43+00:00","dateModified":"2025-01-02T14:45:12+00:00"},{"@type":"WebSite","@id":"https:\/\/www.andancas.net\/site\/#website","url":"https:\/\/www.andancas.net\/site\/","name":"Andan\u00e7as","inLanguage":"pt-PT","publisher":{"@id":"https:\/\/www.andancas.net\/site\/#organization"}}]},"og:locale":"pt_PT","og:site_name":"Andan\u00e7as -","og:type":"article","og:title":"O Festival Andan\u00e7as est\u00e1 de volta em 2025! - Andan\u00e7as","og:description":"ANDAN\u00c7AS NO CAMPINHOEm 2021 o Festival Andan\u00e7as encontrou uma nova casa que fica no Campinho, uma aldeia do concelho de Reguengos de Monsaraz, com vista para a plan\u00edcie alentejana, dos sobreiros e azinheiras, a 3km do espelho de \u00e1gua de Alqueva.Em 2021, come\u00e7\u00e1mos \u00abA Caminhar para o Andan\u00e7as\u00bb, numa edi\u00e7\u00e3o especial para conhecer a regi\u00e3o e","og:url":"https:\/\/www.andancas.net\/site\/2025\/01\/02\/o-festival-andancas-esta-de-volta-em-2025\/","article:published_time":"2025-01-02T14:43:43+00:00","article:modified_time":"2025-01-02T14:45:12+00:00","twitter:card":"summary_large_image","twitter:title":"O Festival Andan\u00e7as est\u00e1 de volta em 2025! - Andan\u00e7as","twitter:description":"ANDAN\u00c7AS NO CAMPINHOEm 2021 o Festival Andan\u00e7as encontrou uma nova casa que fica no Campinho, uma aldeia do concelho de Reguengos de Monsaraz, com vista para a plan\u00edcie alentejana, dos sobreiros e azinheiras, a 3km do espelho de \u00e1gua de Alqueva.Em 2021, come\u00e7\u00e1mos \u00abA Caminhar para o Andan\u00e7as\u00bb, numa edi\u00e7\u00e3o especial para conhecer a regi\u00e3o e"},"aioseo_meta_data":[],"aioseo_breadcrumb":"<div class=\"aioseo-breadcrumbs\"><span class=\"aioseo-breadcrumb\">\n\t\t\t<a href=\"https:\/\/www.andancas.net\/site\" title=\"Home\">Home<\/a>\n\t\t<\/span><span class=\"aioseo-breadcrumb-separator\">&raquo;<\/span><span class=\"aioseo-breadcrumb\">\n\t\t\t<a href=\"https:\/\/www.andancas.net\/site\/category\/andancas\/\" title=\"Andan\u00e7as\">Andan\u00e7as<\/a>\n\t\t<\/span><span class=\"aioseo-breadcrumb-separator\">&raquo;<\/span><span class=\"aioseo-breadcrumb\">\n\t\t\tO Festival Andan\u00e7as est\u00e1 de volta em 2025!\n\t\t<\/span><\/div>","aioseo_breadcrumb_json":[{"label":"Home","link":"https:\/\/www.andancas.net\/site"},{"label":"Andan\u00e7as","link":"https:\/\/www.andancas.net\/site\/category\/andancas\/"},{"label":"O Festival Andan\u00e7as est\u00e1 de volta em 2025!","link":"https:\/\/www.andancas.net\/site\/2025\/01\/02\/o-festival-andancas-esta-de-volta-em-2025\/"}],"_links":{"self":[{"href":"https:\/\/www.andancas.net\/site\/wp-json\/wp\/v2\/posts\/8040","targetHints":{"allow":["GET"]}}],"collection":[{"href":"https:\/\/www.andancas.net\/site\/wp-json\/wp\/v2\/posts"}],"about":[{"href":"https:\/\/www.andancas.net\/site\/wp-json\/wp\/v2\/types\/post"}],"author":[{"embeddable":true,"href":"https:\/\/www.andancas.net\/site\/wp-json\/wp\/v2\/users\/1"}],"replies":[{"embeddable":true,"href":"https:\/\/www.andancas.net\/site\/wp-json\/wp\/v2\/comments?post=8040"}],"version-history":[{"count":0,"href":"https:\/\/www.andancas.net\/site\/wp-json\/wp\/v2\/posts\/8040\/revisions"}],"wp:featuredmedia":[{"embeddable":true,"href":"https:\/\/www.andancas.net\/site\/wp-json\/wp\/v2\/media\/7648"}],"wp:attachment":[{"href":"https:\/\/www.andancas.net\/site\/wp-json\/wp\/v2\/media?parent=8040"}],"wp:term":[{"taxonomy":"category","embeddable":true,"href":"https:\/\/www.andancas.net\/site\/wp-json\/wp\/v2\/categories?post=8040"},{"taxonomy":"post_tag","embeddable":true,"href":"https:\/\/www.andancas.net\/site\/wp-json\/wp\/v2\/tags?post=8040"}],"curies":[{"name":"wp","href":"https:\/\/api.w.org\/{rel}","templated":true}]}}